{"id":91,"date":"2014-02-26T14:22:11","date_gmt":"2014-02-26T14:22:11","guid":{"rendered":"http:\/\/localhost\/meg\/?p=91"},"modified":"2021-09-17T10:03:58","modified_gmt":"2021-09-17T10:03:58","slug":"guitar-can-make-your-stress-go-away","status":"publish","type":"post","link":"https:\/\/thaderradiofm.es\/?p=91","title":{"rendered":"MURCIA CAPITAL ESPA\u00d1OLA DE LA GASTRONOM\u00cdA 2021"},"content":{"rendered":"<p>A partir del 1 de enero, Murcia se convertir\u00e1 en la Capital Espa\u00f1ola de la Gastronom\u00eda, un galard\u00f3n que concede la Federaci\u00f3n Espa\u00f1ola de Hosteler\u00eda (FEHR) y la Federaci\u00f3n Espa\u00f1ola de Periodistas y Escritores de Turismo (FEPET). Durante todo el a\u00f1o 2021, la ciudad ostentar\u00e1 esta condici\u00f3n, con un programa de actividades de promoci\u00f3n de la gastronom\u00eda local que se dar\u00e1 a conocer hoy. Murcia, tantas veces considerada \u00abla gran desconocida\u00bb, sucede a Almer\u00eda y tendr\u00e1 una oportunidad de oro para exhibir sus excelencias y sus potencialidades.<\/p>\n<p><a href=\"http:\/\/thaderradiofm.es\/wp-content\/uploads\/2014\/02\/murcia-ceg.jpg\"><img loading=\"lazy\" decoding=\"async\" class=\"alignnone wp-image-380\" src=\"http:\/\/thaderradiofm.es\/wp-content\/uploads\/2014\/02\/murcia-ceg-300x191.jpg\" alt=\"\" width=\"437\" height=\"278\" \/><\/a><\/p>\n","protected":false},"excerpt":{"rendered":"<p>A partir del 1 de enero, Murcia se convertir\u00e1 en la Capital Espa\u00f1ola de la Gastronom\u00eda, un galard\u00f3n que concede la Federaci\u00f3n Espa\u00f1ola de Hosteler\u00eda (FEHR) y la Federaci\u00f3n Espa\u00f1ola &hellip; <a href=\"https:\/\/thaderradiofm.es\/?p=91\" class=\"more-link\">Leer m\u00e1s<\/a><\/p>\n","protected":false},"author":1,"featured_media":561,"comment_status":"open","ping_status":"open","sticky":false,"template":"","format":"standard","meta":{"footnotes":""},"categories":[6],"tags":[],"class_list":["post-91","post","type-post","status-publish","format-standard","has-post-thumbnail","hentry","category-actualidad","entry"],"yoast_head":"<!-- This site is optimized with the Yoast SEO plugin v23.9 - https:\/\/yoast.com\/wordpress\/plugins\/seo\/ -->\n<title>MURCIA CAPITAL ESPA\u00d1OLA DE LA GASTRONOM\u00cdA 2021 - Thader Radio FM<\/title>\n<meta name=\"robots\" content=\"index, follow, max-snippet:-1, max-image-preview:large, max-video-preview:-1\" \/>\n<link rel=\"canonical\" href=\"https:\/\/thaderradiofm.es\/?p=91\" \/>\n<meta property=\"og:locale\" content=\"es_ES\" \/>\n<meta property=\"og:type\" content=\"article\" \/>\n<meta property=\"og:title\" content=\"MURCIA CAPITAL ESPA\u00d1OLA DE LA GASTRONOM\u00cdA 2021 - Thader Radio FM\" \/>\n<meta property=\"og:description\" content=\"A partir del 1 de enero, Murcia se convertir\u00e1 en la Capital Espa\u00f1ola de la Gastronom\u00eda, un galard\u00f3n que concede la Federaci\u00f3n Espa\u00f1ola de Hosteler\u00eda (FEHR) y la Federaci\u00f3n Espa\u00f1ola &hellip; Leer m\u00e1s\" \/>\n<meta property=\"og:url\" content=\"https:\/\/thaderradiofm.es\/?p=91\" \/>\n<meta property=\"og:site_name\" content=\"Thader Radio FM\" \/>\n<meta property=\"article:published_time\" content=\"2014-02-26T14:22:11+00:00\" \/>\n<meta property=\"article:modified_time\" content=\"2021-09-17T10:03:58+00:00\" \/>\n<meta property=\"og:image\" content=\"https:\/\/thaderradiofm.es\/wp-content\/uploads\/2014\/02\/murcia-ceg-300x191-1.jpg\" \/>\n\t<meta property=\"og:image:width\" content=\"300\" \/>\n\t<meta property=\"og:image:height\" content=\"191\" \/>\n\t<meta property=\"og:image:type\" content=\"image\/jpeg\" \/>\n<meta name=\"author\" content=\"admin\" \/>\n<meta name=\"twitter:card\" content=\"summary_large_image\" \/>\n<meta name=\"twitter:label1\" content=\"Escrito por\" \/>\n\t<meta name=\"twitter:data1\" content=\"admin\" \/>\n\t<meta name=\"twitter:label2\" content=\"Tiempo de lectura\" \/>\n\t<meta name=\"twitter:data2\" content=\"1 minuto\" \/>\n<script type=\"application\/ld+json\" class=\"yoast-schema-graph\">{\"@context\":\"https:\/\/schema.org\",\"@graph\":[{\"@type\":\"Article\",\"@id\":\"https:\/\/thaderradiofm.es\/?p=91#article\",\"isPartOf\":{\"@id\":\"https:\/\/thaderradiofm.es\/?p=91\"},\"author\":{\"name\":\"admin\",\"@id\":\"http:\/\/thaderradiofm.es\/#\/schema\/person\/c5f6f440ee7e91858a82e56a7795370f\"},\"headline\":\"MURCIA CAPITAL ESPA\u00d1OLA DE LA GASTRONOM\u00cdA 2021\",\"datePublished\":\"2014-02-26T14:22:11+00:00\",\"dateModified\":\"2021-09-17T10:03:58+00:00\",\"mainEntityOfPage\":{\"@id\":\"https:\/\/thaderradiofm.es\/?p=91\"},\"wordCount\":106,\"commentCount\":0,\"publisher\":{\"@id\":\"http:\/\/thaderradiofm.es\/#organization\"},\"image\":{\"@id\":\"https:\/\/thaderradiofm.es\/?p=91#primaryimage\"},\"thumbnailUrl\":\"https:\/\/thaderradiofm.es\/wp-content\/uploads\/2014\/02\/murcia-ceg-300x191-1.jpg\",\"articleSection\":[\"Actualidad\"],\"inLanguage\":\"es\",\"potentialAction\":[{\"@type\":\"CommentAction\",\"name\":\"Comment\",\"target\":[\"https:\/\/thaderradiofm.es\/?p=91#respond\"]}]},{\"@type\":\"WebPage\",\"@id\":\"https:\/\/thaderradiofm.es\/?p=91\",\"url\":\"https:\/\/thaderradiofm.es\/?p=91\",\"name\":\"MURCIA CAPITAL ESPA\u00d1OLA DE LA GASTRONOM\u00cdA 2021 - Thader Radio FM\",\"isPartOf\":{\"@id\":\"http:\/\/thaderradiofm.es\/#website\"},\"primaryImageOfPage\":{\"@id\":\"https:\/\/thaderradiofm.es\/?p=91#primaryimage\"},\"image\":{\"@id\":\"https:\/\/thaderradiofm.es\/?p=91#primaryimage\"},\"thumbnailUrl\":\"https:\/\/thaderradiofm.es\/wp-content\/uploads\/2014\/02\/murcia-ceg-300x191-1.jpg\",\"datePublished\":\"2014-02-26T14:22:11+00:00\",\"dateModified\":\"2021-09-17T10:03:58+00:00\",\"breadcrumb\":{\"@id\":\"https:\/\/thaderradiofm.es\/?p=91#breadcrumb\"},\"inLanguage\":\"es\",\"potentialAction\":[{\"@type\":\"ReadAction\",\"target\":[\"https:\/\/thaderradiofm.es\/?p=91\"]}]},{\"@type\":\"ImageObject\",\"inLanguage\":\"es\",\"@id\":\"https:\/\/thaderradiofm.es\/?p=91#primaryimage\",\"url\":\"https:\/\/thaderradiofm.es\/wp-content\/uploads\/2014\/02\/murcia-ceg-300x191-1.jpg\",\"contentUrl\":\"https:\/\/thaderradiofm.es\/wp-content\/uploads\/2014\/02\/murcia-ceg-300x191-1.jpg\",\"width\":300,\"height\":191},{\"@type\":\"BreadcrumbList\",\"@id\":\"https:\/\/thaderradiofm.es\/?p=91#breadcrumb\",\"itemListElement\":[{\"@type\":\"ListItem\",\"position\":1,\"name\":\"Portada\",\"item\":\"http:\/\/thaderradiofm.es\/\"},{\"@type\":\"ListItem\",\"position\":2,\"name\":\"MURCIA CAPITAL ESPA\u00d1OLA DE LA GASTRONOM\u00cdA 2021\"}]},{\"@type\":\"WebSite\",\"@id\":\"http:\/\/thaderradiofm.es\/#website\",\"url\":\"http:\/\/thaderradiofm.es\/\",\"name\":\"Thader Radio FM\",\"description\":\"La Radio en Espa\u00f1ol\",\"publisher\":{\"@id\":\"http:\/\/thaderradiofm.es\/#organization\"},\"potentialAction\":[{\"@type\":\"SearchAction\",\"target\":{\"@type\":\"EntryPoint\",\"urlTemplate\":\"http:\/\/thaderradiofm.es\/?s={search_term_string}\"},\"query-input\":{\"@type\":\"PropertyValueSpecification\",\"valueRequired\":true,\"valueName\":\"search_term_string\"}}],\"inLanguage\":\"es\"},{\"@type\":\"Organization\",\"@id\":\"http:\/\/thaderradiofm.es\/#organization\",\"name\":\"Thader Radio FM\",\"url\":\"http:\/\/thaderradiofm.es\/\",\"logo\":{\"@type\":\"ImageObject\",\"inLanguage\":\"es\",\"@id\":\"http:\/\/thaderradiofm.es\/#\/schema\/logo\/image\/\",\"url\":\"https:\/\/thaderradiofm.es\/wp-content\/uploads\/2023\/02\/cropped-THADER-RADIO.jpg\",\"contentUrl\":\"https:\/\/thaderradiofm.es\/wp-content\/uploads\/2023\/02\/cropped-THADER-RADIO.jpg\",\"width\":514,\"height\":385,\"caption\":\"Thader Radio FM\"},\"image\":{\"@id\":\"http:\/\/thaderradiofm.es\/#\/schema\/logo\/image\/\"}},{\"@type\":\"Person\",\"@id\":\"http:\/\/thaderradiofm.es\/#\/schema\/person\/c5f6f440ee7e91858a82e56a7795370f\",\"name\":\"admin\",\"image\":{\"@type\":\"ImageObject\",\"inLanguage\":\"es\",\"@id\":\"http:\/\/thaderradiofm.es\/#\/schema\/person\/image\/\",\"url\":\"https:\/\/secure.gravatar.com\/avatar\/efc74c7514f8ff7a0537a92b6da6e8e217be29ae0f00aee634f803567b2e8eff?s=96&d=mm&r=g\",\"contentUrl\":\"https:\/\/secure.gravatar.com\/avatar\/efc74c7514f8ff7a0537a92b6da6e8e217be29ae0f00aee634f803567b2e8eff?s=96&d=mm&r=g\",\"caption\":\"admin\"},\"url\":\"https:\/\/thaderradiofm.es\/?author=1\"}]}<\/script>\n<!-- \/ Yoast SEO plugin. -->","yoast_head_json":{"title":"MURCIA CAPITAL ESPA\u00d1OLA DE LA GASTRONOM\u00cdA 2021 - Thader Radio FM","robots":{"index":"index","follow":"follow","max-snippet":"max-snippet:-1","max-image-preview":"max-image-preview:large","max-video-preview":"max-video-preview:-1"},"canonical":"https:\/\/thaderradiofm.es\/?p=91","og_locale":"es_ES","og_type":"article","og_title":"MURCIA CAPITAL ESPA\u00d1OLA DE LA GASTRONOM\u00cdA 2021 - Thader Radio FM","og_description":"A partir del 1 de enero, Murcia se convertir\u00e1 en la Capital Espa\u00f1ola de la Gastronom\u00eda, un galard\u00f3n que concede la Federaci\u00f3n Espa\u00f1ola de Hosteler\u00eda (FEHR) y la Federaci\u00f3n Espa\u00f1ola &hellip; Leer m\u00e1s","og_url":"https:\/\/thaderradiofm.es\/?p=91","og_site_name":"Thader Radio FM","article_published_time":"2014-02-26T14:22:11+00:00","article_modified_time":"2021-09-17T10:03:58+00:00","og_image":[{"width":300,"height":191,"url":"https:\/\/thaderradiofm.es\/wp-content\/uploads\/2014\/02\/murcia-ceg-300x191-1.jpg","type":"image\/jpeg"}],"author":"admin","twitter_card":"summary_large_image","twitter_misc":{"Escrito por":"admin","Tiempo de lectura":"1 minuto"},"schema":{"@context":"https:\/\/schema.org","@graph":[{"@type":"Article","@id":"https:\/\/thaderradiofm.es\/?p=91#article","isPartOf":{"@id":"https:\/\/thaderradiofm.es\/?p=91"},"author":{"name":"admin","@id":"http:\/\/thaderradiofm.es\/#\/schema\/person\/c5f6f440ee7e91858a82e56a7795370f"},"headline":"MURCIA CAPITAL ESPA\u00d1OLA DE LA GASTRONOM\u00cdA 2021","datePublished":"2014-02-26T14:22:11+00:00","dateModified":"2021-09-17T10:03:58+00:00","mainEntityOfPage":{"@id":"https:\/\/thaderradiofm.es\/?p=91"},"wordCount":106,"commentCount":0,"publisher":{"@id":"http:\/\/thaderradiofm.es\/#organization"},"image":{"@id":"https:\/\/thaderradiofm.es\/?p=91#primaryimage"},"thumbnailUrl":"https:\/\/thaderradiofm.es\/wp-content\/uploads\/2014\/02\/murcia-ceg-300x191-1.jpg","articleSection":["Actualidad"],"inLanguage":"es","potentialAction":[{"@type":"CommentAction","name":"Comment","target":["https:\/\/thaderradiofm.es\/?p=91#respond"]}]},{"@type":"WebPage","@id":"https:\/\/thaderradiofm.es\/?p=91","url":"https:\/\/thaderradiofm.es\/?p=91","name":"MURCIA CAPITAL ESPA\u00d1OLA DE LA GASTRONOM\u00cdA 2021 - Thader Radio FM","isPartOf":{"@id":"http:\/\/thaderradiofm.es\/#website"},"primaryImageOfPage":{"@id":"https:\/\/thaderradiofm.es\/?p=91#primaryimage"},"image":{"@id":"https:\/\/thaderradiofm.es\/?p=91#primaryimage"},"thumbnailUrl":"https:\/\/thaderradiofm.es\/wp-content\/uploads\/2014\/02\/murcia-ceg-300x191-1.jpg","datePublished":"2014-02-26T14:22:11+00:00","dateModified":"2021-09-17T10:03:58+00:00","breadcrumb":{"@id":"https:\/\/thaderradiofm.es\/?p=91#breadcrumb"},"inLanguage":"es","potentialAction":[{"@type":"ReadAction","target":["https:\/\/thaderradiofm.es\/?p=91"]}]},{"@type":"ImageObject","inLanguage":"es","@id":"https:\/\/thaderradiofm.es\/?p=91#primaryimage","url":"https:\/\/thaderradiofm.es\/wp-content\/uploads\/2014\/02\/murcia-ceg-300x191-1.jpg","contentUrl":"https:\/\/thaderradiofm.es\/wp-content\/uploads\/2014\/02\/murcia-ceg-300x191-1.jpg","width":300,"height":191},{"@type":"BreadcrumbList","@id":"https:\/\/thaderradiofm.es\/?p=91#breadcrumb","itemListElement":[{"@type":"ListItem","position":1,"name":"Portada","item":"http:\/\/thaderradiofm.es\/"},{"@type":"ListItem","position":2,"name":"MURCIA CAPITAL ESPA\u00d1OLA DE LA GASTRONOM\u00cdA 2021"}]},{"@type":"WebSite","@id":"http:\/\/thaderradiofm.es\/#website","url":"http:\/\/thaderradiofm.es\/","name":"Thader Radio FM","description":"La Radio en Espa\u00f1ol","publisher":{"@id":"http:\/\/thaderradiofm.es\/#organization"},"potentialAction":[{"@type":"SearchAction","target":{"@type":"EntryPoint","urlTemplate":"http:\/\/thaderradiofm.es\/?s={search_term_string}"},"query-input":{"@type":"PropertyValueSpecification","valueRequired":true,"valueName":"search_term_string"}}],"inLanguage":"es"},{"@type":"Organization","@id":"http:\/\/thaderradiofm.es\/#organization","name":"Thader Radio FM","url":"http:\/\/thaderradiofm.es\/","logo":{"@type":"ImageObject","inLanguage":"es","@id":"http:\/\/thaderradiofm.es\/#\/schema\/logo\/image\/","url":"https:\/\/thaderradiofm.es\/wp-content\/uploads\/2023\/02\/cropped-THADER-RADIO.jpg","contentUrl":"https:\/\/thaderradiofm.es\/wp-content\/uploads\/2023\/02\/cropped-THADER-RADIO.jpg","width":514,"height":385,"caption":"Thader Radio FM"},"image":{"@id":"http:\/\/thaderradiofm.es\/#\/schema\/logo\/image\/"}},{"@type":"Person","@id":"http:\/\/thaderradiofm.es\/#\/schema\/person\/c5f6f440ee7e91858a82e56a7795370f","name":"admin","image":{"@type":"ImageObject","inLanguage":"es","@id":"http:\/\/thaderradiofm.es\/#\/schema\/person\/image\/","url":"https:\/\/secure.gravatar.com\/avatar\/efc74c7514f8ff7a0537a92b6da6e8e217be29ae0f00aee634f803567b2e8eff?s=96&d=mm&r=g","contentUrl":"https:\/\/secure.gravatar.com\/avatar\/efc74c7514f8ff7a0537a92b6da6e8e217be29ae0f00aee634f803567b2e8eff?s=96&d=mm&r=g","caption":"admin"},"url":"https:\/\/thaderradiofm.es\/?author=1"}]}},"_links":{"self":[{"href":"https:\/\/thaderradiofm.es\/index.php?rest_route=\/wp\/v2\/posts\/91","targetHints":{"allow":["GET"]}}],"collection":[{"href":"https:\/\/thaderradiofm.es\/index.php?rest_route=\/wp\/v2\/posts"}],"about":[{"href":"https:\/\/thaderradiofm.es\/index.php?rest_route=\/wp\/v2\/types\/post"}],"author":[{"embeddable":true,"href":"https:\/\/thaderradiofm.es\/index.php?rest_route=\/wp\/v2\/users\/1"}],"replies":[{"embeddable":true,"href":"https:\/\/thaderradiofm.es\/index.php?rest_route=%2Fwp%2Fv2%2Fcomments&post=91"}],"version-history":[{"count":5,"href":"https:\/\/thaderradiofm.es\/index.php?rest_route=\/wp\/v2\/posts\/91\/revisions"}],"predecessor-version":[{"id":620,"href":"https:\/\/thaderradiofm.es\/index.php?rest_route=\/wp\/v2\/posts\/91\/revisions\/620"}],"wp:featuredmedia":[{"embeddable":true,"href":"https:\/\/thaderradiofm.es\/index.php?rest_route=\/wp\/v2\/media\/561"}],"wp:attachment":[{"href":"https:\/\/thaderradiofm.es\/index.php?rest_route=%2Fwp%2Fv2%2Fmedia&parent=91"}],"wp:term":[{"taxonomy":"category","embeddable":true,"href":"https:\/\/thaderradiofm.es\/index.php?rest_route=%2Fwp%2Fv2%2Fcategories&post=91"},{"taxonomy":"post_tag","embeddable":true,"href":"https:\/\/thaderradiofm.es\/index.php?rest_route=%2Fwp%2Fv2%2Ftags&post=91"}],"curies":[{"name":"wp","href":"https:\/\/api.w.org\/{rel}","templated":true}]}}