{"id":823,"date":"2022-08-03T11:30:21","date_gmt":"2022-08-03T11:30:21","guid":{"rendered":"http:\/\/thaderradiofm.es\/?p=823"},"modified":"2022-08-04T08:30:54","modified_gmt":"2022-08-04T08:30:54","slug":"crimen","status":"publish","type":"post","link":"https:\/\/thaderradiofm.es\/?p=823","title":{"rendered":"Crimen"},"content":{"rendered":"\n<p>Hablamos sobre criminolog\u00eda, sucesos tr\u00e1gicos, enfermedades y mucho m\u00e1s de la mano del crimin\u00f3logo Paco Luna.<\/p>\n\n\n\n<div class=\"wp-block-image\"><figure class=\"aligncenter\"><img decoding=\"async\" src=\"https:\/\/i.blogs.es\/def321\/crimen\/1366_2000.jpeg\" alt=\"Nuestro ADN podr\u00eda aparecer de repente en una escena del crimen y sin que  siquiera lo sepamos\"\/><\/figure><\/div>\n\n\n\n<p>Viruela del Mono<\/p>\n\n\n\n<figure class=\"wp-block-image size-full is-resized\"><a href=\"https:\/\/www.ivoox.com\/crimen-viruela-del-mono-audios-mp3_rf_90644613_1.html\"><img loading=\"lazy\" decoding=\"async\" src=\"http:\/\/thaderradiofm.es\/wp-content\/uploads\/2022\/07\/boton-de-escuchar-ivoox.png\" alt=\"\" class=\"wp-image-755\" width=\"127\" height=\"39\" srcset=\"https:\/\/thaderradiofm.es\/wp-content\/uploads\/2022\/07\/boton-de-escuchar-ivoox.png 406w, https:\/\/thaderradiofm.es\/wp-content\/uploads\/2022\/07\/boton-de-escuchar-ivoox-300x92.png 300w, https:\/\/thaderradiofm.es\/wp-content\/uploads\/2022\/07\/boton-de-escuchar-ivoox-400x124.png 400w\" sizes=\"auto, (max-width: 127px) 100vw, 127px\" \/><\/a><\/figure>\n","protected":false},"excerpt":{"rendered":"<p>Hablamos sobre criminolog\u00eda, sucesos tr\u00e1gicos, enfermedades y mucho m\u00e1s de la mano del crimin\u00f3logo Paco Luna. Viruela del Mono<\/p>\n","protected":false},"author":2,"featured_media":848,"comment_status":"closed","ping_status":"open","sticky":false,"template":"","format":"standard","meta":{"footnotes":""},"categories":[7],"tags":[],"class_list":["post-823","post","type-post","status-publish","format-standard","has-post-thumbnail","hentry","category-radio-a-la-carta","entry"],"yoast_head":"<!-- This site is optimized with the Yoast SEO plugin v23.9 - https:\/\/yoast.com\/wordpress\/plugins\/seo\/ -->\n<title>Crimen - Thader Radio FM<\/title>\n<meta name=\"robots\" content=\"index, follow, max-snippet:-1, max-image-preview:large, max-video-preview:-1\" \/>\n<link rel=\"canonical\" href=\"https:\/\/thaderradiofm.es\/?p=823\" \/>\n<meta property=\"og:locale\" content=\"es_ES\" \/>\n<meta property=\"og:type\" content=\"article\" \/>\n<meta property=\"og:title\" content=\"Crimen - Thader Radio FM\" \/>\n<meta property=\"og:description\" content=\"Hablamos sobre criminolog\u00eda, sucesos tr\u00e1gicos, enfermedades y mucho m\u00e1s de la mano del crimin\u00f3logo Paco Luna. Viruela del Mono\" \/>\n<meta property=\"og:url\" content=\"https:\/\/thaderradiofm.es\/?p=823\" \/>\n<meta property=\"og:site_name\" content=\"Thader Radio FM\" \/>\n<meta property=\"article:published_time\" content=\"2022-08-03T11:30:21+00:00\" \/>\n<meta property=\"article:modified_time\" content=\"2022-08-04T08:30:54+00:00\" \/>\n<meta property=\"og:image\" content=\"https:\/\/thaderradiofm.es\/wp-content\/uploads\/2022\/08\/1366_2000.jpeg\" \/>\n\t<meta property=\"og:image:width\" content=\"1125\" \/>\n\t<meta property=\"og:image:height\" content=\"750\" \/>\n\t<meta property=\"og:image:type\" content=\"image\/jpeg\" \/>\n<meta name=\"author\" content=\"ThaderRadioFM\" \/>\n<meta name=\"twitter:card\" content=\"summary_large_image\" \/>\n<meta name=\"twitter:label1\" content=\"Escrito por\" \/>\n\t<meta name=\"twitter:data1\" content=\"ThaderRadioFM\" \/>\n\t<meta name=\"twitter:label2\" content=\"Tiempo de lectura\" \/>\n\t<meta name=\"twitter:data2\" content=\"1 minuto\" \/>\n<script type=\"application\/ld+json\" class=\"yoast-schema-graph\">{\"@context\":\"https:\/\/schema.org\",\"@graph\":[{\"@type\":\"Article\",\"@id\":\"https:\/\/thaderradiofm.es\/?p=823#article\",\"isPartOf\":{\"@id\":\"https:\/\/thaderradiofm.es\/?p=823\"},\"author\":{\"name\":\"ThaderRadioFM\",\"@id\":\"http:\/\/thaderradiofm.es\/#\/schema\/person\/83fa03919671b30d343eb51bf18a9e2f\"},\"headline\":\"Crimen\",\"datePublished\":\"2022-08-03T11:30:21+00:00\",\"dateModified\":\"2022-08-04T08:30:54+00:00\",\"mainEntityOfPage\":{\"@id\":\"https:\/\/thaderradiofm.es\/?p=823\"},\"wordCount\":24,\"publisher\":{\"@id\":\"http:\/\/thaderradiofm.es\/#organization\"},\"image\":{\"@id\":\"https:\/\/thaderradiofm.es\/?p=823#primaryimage\"},\"thumbnailUrl\":\"https:\/\/thaderradiofm.es\/wp-content\/uploads\/2022\/08\/1366_2000.jpeg\",\"articleSection\":[\"Radio a la Carta\"],\"inLanguage\":\"es\"},{\"@type\":\"WebPage\",\"@id\":\"https:\/\/thaderradiofm.es\/?p=823\",\"url\":\"https:\/\/thaderradiofm.es\/?p=823\",\"name\":\"Crimen - Thader Radio FM\",\"isPartOf\":{\"@id\":\"http:\/\/thaderradiofm.es\/#website\"},\"primaryImageOfPage\":{\"@id\":\"https:\/\/thaderradiofm.es\/?p=823#primaryimage\"},\"image\":{\"@id\":\"https:\/\/thaderradiofm.es\/?p=823#primaryimage\"},\"thumbnailUrl\":\"https:\/\/thaderradiofm.es\/wp-content\/uploads\/2022\/08\/1366_2000.jpeg\",\"datePublished\":\"2022-08-03T11:30:21+00:00\",\"dateModified\":\"2022-08-04T08:30:54+00:00\",\"breadcrumb\":{\"@id\":\"https:\/\/thaderradiofm.es\/?p=823#breadcrumb\"},\"inLanguage\":\"es\",\"potentialAction\":[{\"@type\":\"ReadAction\",\"target\":[\"https:\/\/thaderradiofm.es\/?p=823\"]}]},{\"@type\":\"ImageObject\",\"inLanguage\":\"es\",\"@id\":\"https:\/\/thaderradiofm.es\/?p=823#primaryimage\",\"url\":\"https:\/\/thaderradiofm.es\/wp-content\/uploads\/2022\/08\/1366_2000.jpeg\",\"contentUrl\":\"https:\/\/thaderradiofm.es\/wp-content\/uploads\/2022\/08\/1366_2000.jpeg\",\"width\":1125,\"height\":750},{\"@type\":\"BreadcrumbList\",\"@id\":\"https:\/\/thaderradiofm.es\/?p=823#breadcrumb\",\"itemListElement\":[{\"@type\":\"ListItem\",\"position\":1,\"name\":\"Portada\",\"item\":\"http:\/\/thaderradiofm.es\/\"},{\"@type\":\"ListItem\",\"position\":2,\"name\":\"Crimen\"}]},{\"@type\":\"WebSite\",\"@id\":\"http:\/\/thaderradiofm.es\/#website\",\"url\":\"http:\/\/thaderradiofm.es\/\",\"name\":\"Thader Radio FM\",\"description\":\"La Radio en Espa\u00f1ol\",\"publisher\":{\"@id\":\"http:\/\/thaderradiofm.es\/#organization\"},\"potentialAction\":[{\"@type\":\"SearchAction\",\"target\":{\"@type\":\"EntryPoint\",\"urlTemplate\":\"http:\/\/thaderradiofm.es\/?s={search_term_string}\"},\"query-input\":{\"@type\":\"PropertyValueSpecification\",\"valueRequired\":true,\"valueName\":\"search_term_string\"}}],\"inLanguage\":\"es\"},{\"@type\":\"Organization\",\"@id\":\"http:\/\/thaderradiofm.es\/#organization\",\"name\":\"Thader Radio FM\",\"url\":\"http:\/\/thaderradiofm.es\/\",\"logo\":{\"@type\":\"ImageObject\",\"inLanguage\":\"es\",\"@id\":\"http:\/\/thaderradiofm.es\/#\/schema\/logo\/image\/\",\"url\":\"https:\/\/thaderradiofm.es\/wp-content\/uploads\/2023\/02\/cropped-THADER-RADIO.jpg\",\"contentUrl\":\"https:\/\/thaderradiofm.es\/wp-content\/uploads\/2023\/02\/cropped-THADER-RADIO.jpg\",\"width\":514,\"height\":385,\"caption\":\"Thader Radio FM\"},\"image\":{\"@id\":\"http:\/\/thaderradiofm.es\/#\/schema\/logo\/image\/\"}},{\"@type\":\"Person\",\"@id\":\"http:\/\/thaderradiofm.es\/#\/schema\/person\/83fa03919671b30d343eb51bf18a9e2f\",\"name\":\"ThaderRadioFM\",\"image\":{\"@type\":\"ImageObject\",\"inLanguage\":\"es\",\"@id\":\"http:\/\/thaderradiofm.es\/#\/schema\/person\/image\/\",\"url\":\"https:\/\/secure.gravatar.com\/avatar\/2050f79275a4ad7fd9fd0007b778bf26a99a1fbb55d365236b72b07b4779d82c?s=96&d=mm&r=g\",\"contentUrl\":\"https:\/\/secure.gravatar.com\/avatar\/2050f79275a4ad7fd9fd0007b778bf26a99a1fbb55d365236b72b07b4779d82c?s=96&d=mm&r=g\",\"caption\":\"ThaderRadioFM\"},\"url\":\"https:\/\/thaderradiofm.es\/?author=2\"}]}<\/script>\n<!-- \/ Yoast SEO plugin. -->","yoast_head_json":{"title":"Crimen - Thader Radio FM","robots":{"index":"index","follow":"follow","max-snippet":"max-snippet:-1","max-image-preview":"max-image-preview:large","max-video-preview":"max-video-preview:-1"},"canonical":"https:\/\/thaderradiofm.es\/?p=823","og_locale":"es_ES","og_type":"article","og_title":"Crimen - Thader Radio FM","og_description":"Hablamos sobre criminolog\u00eda, sucesos tr\u00e1gicos, enfermedades y mucho m\u00e1s de la mano del crimin\u00f3logo Paco Luna. Viruela del Mono","og_url":"https:\/\/thaderradiofm.es\/?p=823","og_site_name":"Thader Radio FM","article_published_time":"2022-08-03T11:30:21+00:00","article_modified_time":"2022-08-04T08:30:54+00:00","og_image":[{"width":1125,"height":750,"url":"https:\/\/thaderradiofm.es\/wp-content\/uploads\/2022\/08\/1366_2000.jpeg","type":"image\/jpeg"}],"author":"ThaderRadioFM","twitter_card":"summary_large_image","twitter_misc":{"Escrito por":"ThaderRadioFM","Tiempo de lectura":"1 minuto"},"schema":{"@context":"https:\/\/schema.org","@graph":[{"@type":"Article","@id":"https:\/\/thaderradiofm.es\/?p=823#article","isPartOf":{"@id":"https:\/\/thaderradiofm.es\/?p=823"},"author":{"name":"ThaderRadioFM","@id":"http:\/\/thaderradiofm.es\/#\/schema\/person\/83fa03919671b30d343eb51bf18a9e2f"},"headline":"Crimen","datePublished":"2022-08-03T11:30:21+00:00","dateModified":"2022-08-04T08:30:54+00:00","mainEntityOfPage":{"@id":"https:\/\/thaderradiofm.es\/?p=823"},"wordCount":24,"publisher":{"@id":"http:\/\/thaderradiofm.es\/#organization"},"image":{"@id":"https:\/\/thaderradiofm.es\/?p=823#primaryimage"},"thumbnailUrl":"https:\/\/thaderradiofm.es\/wp-content\/uploads\/2022\/08\/1366_2000.jpeg","articleSection":["Radio a la Carta"],"inLanguage":"es"},{"@type":"WebPage","@id":"https:\/\/thaderradiofm.es\/?p=823","url":"https:\/\/thaderradiofm.es\/?p=823","name":"Crimen - Thader Radio FM","isPartOf":{"@id":"http:\/\/thaderradiofm.es\/#website"},"primaryImageOfPage":{"@id":"https:\/\/thaderradiofm.es\/?p=823#primaryimage"},"image":{"@id":"https:\/\/thaderradiofm.es\/?p=823#primaryimage"},"thumbnailUrl":"https:\/\/thaderradiofm.es\/wp-content\/uploads\/2022\/08\/1366_2000.jpeg","datePublished":"2022-08-03T11:30:21+00:00","dateModified":"2022-08-04T08:30:54+00:00","breadcrumb":{"@id":"https:\/\/thaderradiofm.es\/?p=823#breadcrumb"},"inLanguage":"es","potentialAction":[{"@type":"ReadAction","target":["https:\/\/thaderradiofm.es\/?p=823"]}]},{"@type":"ImageObject","inLanguage":"es","@id":"https:\/\/thaderradiofm.es\/?p=823#primaryimage","url":"https:\/\/thaderradiofm.es\/wp-content\/uploads\/2022\/08\/1366_2000.jpeg","contentUrl":"https:\/\/thaderradiofm.es\/wp-content\/uploads\/2022\/08\/1366_2000.jpeg","width":1125,"height":750},{"@type":"BreadcrumbList","@id":"https:\/\/thaderradiofm.es\/?p=823#breadcrumb","itemListElement":[{"@type":"ListItem","position":1,"name":"Portada","item":"http:\/\/thaderradiofm.es\/"},{"@type":"ListItem","position":2,"name":"Crimen"}]},{"@type":"WebSite","@id":"http:\/\/thaderradiofm.es\/#website","url":"http:\/\/thaderradiofm.es\/","name":"Thader Radio FM","description":"La Radio en Espa\u00f1ol","publisher":{"@id":"http:\/\/thaderradiofm.es\/#organization"},"potentialAction":[{"@type":"SearchAction","target":{"@type":"EntryPoint","urlTemplate":"http:\/\/thaderradiofm.es\/?s={search_term_string}"},"query-input":{"@type":"PropertyValueSpecification","valueRequired":true,"valueName":"search_term_string"}}],"inLanguage":"es"},{"@type":"Organization","@id":"http:\/\/thaderradiofm.es\/#organization","name":"Thader Radio FM","url":"http:\/\/thaderradiofm.es\/","logo":{"@type":"ImageObject","inLanguage":"es","@id":"http:\/\/thaderradiofm.es\/#\/schema\/logo\/image\/","url":"https:\/\/thaderradiofm.es\/wp-content\/uploads\/2023\/02\/cropped-THADER-RADIO.jpg","contentUrl":"https:\/\/thaderradiofm.es\/wp-content\/uploads\/2023\/02\/cropped-THADER-RADIO.jpg","width":514,"height":385,"caption":"Thader Radio FM"},"image":{"@id":"http:\/\/thaderradiofm.es\/#\/schema\/logo\/image\/"}},{"@type":"Person","@id":"http:\/\/thaderradiofm.es\/#\/schema\/person\/83fa03919671b30d343eb51bf18a9e2f","name":"ThaderRadioFM","image":{"@type":"ImageObject","inLanguage":"es","@id":"http:\/\/thaderradiofm.es\/#\/schema\/person\/image\/","url":"https:\/\/secure.gravatar.com\/avatar\/2050f79275a4ad7fd9fd0007b778bf26a99a1fbb55d365236b72b07b4779d82c?s=96&d=mm&r=g","contentUrl":"https:\/\/secure.gravatar.com\/avatar\/2050f79275a4ad7fd9fd0007b778bf26a99a1fbb55d365236b72b07b4779d82c?s=96&d=mm&r=g","caption":"ThaderRadioFM"},"url":"https:\/\/thaderradiofm.es\/?author=2"}]}},"_links":{"self":[{"href":"https:\/\/thaderradiofm.es\/index.php?rest_route=\/wp\/v2\/posts\/823","targetHints":{"allow":["GET"]}}],"collection":[{"href":"https:\/\/thaderradiofm.es\/index.php?rest_route=\/wp\/v2\/posts"}],"about":[{"href":"https:\/\/thaderradiofm.es\/index.php?rest_route=\/wp\/v2\/types\/post"}],"author":[{"embeddable":true,"href":"https:\/\/thaderradiofm.es\/index.php?rest_route=\/wp\/v2\/users\/2"}],"replies":[{"embeddable":true,"href":"https:\/\/thaderradiofm.es\/index.php?rest_route=%2Fwp%2Fv2%2Fcomments&post=823"}],"version-history":[{"count":1,"href":"https:\/\/thaderradiofm.es\/index.php?rest_route=\/wp\/v2\/posts\/823\/revisions"}],"predecessor-version":[{"id":824,"href":"https:\/\/thaderradiofm.es\/index.php?rest_route=\/wp\/v2\/posts\/823\/revisions\/824"}],"wp:featuredmedia":[{"embeddable":true,"href":"https:\/\/thaderradiofm.es\/index.php?rest_route=\/wp\/v2\/media\/848"}],"wp:attachment":[{"href":"https:\/\/thaderradiofm.es\/index.php?rest_route=%2Fwp%2Fv2%2Fmedia&parent=823"}],"wp:term":[{"taxonomy":"category","embeddable":true,"href":"https:\/\/thaderradiofm.es\/index.php?rest_route=%2Fwp%2Fv2%2Fcategories&post=823"},{"taxonomy":"post_tag","embeddable":true,"href":"https:\/\/thaderradiofm.es\/index.php?rest_route=%2Fwp%2Fv2%2Ftags&post=823"}],"curies":[{"name":"wp","href":"https:\/\/api.w.org\/{rel}","templated":true}]}}