{"id":781,"date":"2022-08-01T08:16:04","date_gmt":"2022-08-01T08:16:04","guid":{"rendered":"http:\/\/thaderradiofm.es\/?p=781"},"modified":"2022-08-01T08:16:04","modified_gmt":"2022-08-01T08:16:04","slug":"que-es-el-5g","status":"publish","type":"post","link":"https:\/\/thaderradiofm.es\/?p=781","title":{"rendered":"\u00bfQu\u00e9 es el 5g?"},"content":{"rendered":"\n<p>El 5G est\u00e1 en boca de todos. Esta nueva tecnolog\u00eda m\u00f3vil aumentar\u00e1 la velocidad de conexi\u00f3n, reduce al m\u00ednimo la latencia (el tiempo de respuesta de la web) y multiplicar\u00e1 exponencialmente el n\u00famero de dispositivos conectados. En otras palabras: estaremos conectados a todo, todo el d\u00eda, y en el menor tiempo posible. Pero, \u00bfes peligroso?<\/p>\n\n\n\n<p>Al igual que ha ocurrido con otras muchas mejoras tecnol\u00f3gicas, el 5G ya est\u00e1 aqu\u00ed, y lo har\u00e1 para quedarse, m\u00e1s all\u00e1 de las guerras tecnol\u00f3gicas entre China y Estados Unidos.&nbsp;<strong>La implantaci\u00f3n de la red m\u00f3vil de quinta generaci\u00f3n cambiar\u00e1 la manera de comunicarnos<\/strong>, multiplicar\u00e1 la capacidad de las autopistas de la informaci\u00f3n y posibilitar\u00e1 que objetos cotidianos, desde la nevera hasta los autom\u00f3viles, puedan conectarse (con nosotros y entre s\u00ed) en tiempo real.&nbsp;<strong>Su despliegue supone una aut\u00e9ntica revoluci\u00f3n tecnol\u00f3gica&nbsp;<\/strong>que permite, por ejemplo, realizar&nbsp;intervenciones quir\u00fargicas teleasistidas &nbsp;desplegar nuevas flotas de veh\u00edculos aut\u00f3nomos y coordinar los trabajos agr\u00edcolas trav\u00e9s de sensores instalados en distintos puntos de un campo de cultivo.<\/p>\n\n\n\n<h3 class=\"wp-block-heading\"><strong>Pero, \u00bfqu\u00e9 es exactamente el 5G?<\/strong><\/h3>\n\n\n\n<p>La denominaci\u00f3n de<strong>&nbsp;5G se refiere a la quinta generaci\u00f3n de redes m\u00f3viles que conocemos<\/strong>. Atr\u00e1s qued\u00f3 la antigua red de 1G, la de aquellos primeros tel\u00e9fonos m\u00f3viles que solo permit\u00edan hablar. La tecnolog\u00eda 2G introdujo los SMS, y poco a poco nuestro \u2018smartphone\u2019 se convirti\u00f3 en una herramienta de comunicaci\u00f3n cada vez m\u00e1s amplia. Primero se incorpor\u00f3 la conexi\u00f3n a Internet (3G) y despu\u00e9s lleg\u00f3 la banda ancha (4G), lo que trajo consigo la reproducci\u00f3n de v\u00eddeos en tiempo real (streaming) o la realidad aumentada, algo a lo que ya estamos muy acostumbrados, pero que hace unos a\u00f1os eran completamente inviables.<\/p>\n\n\n\n<h3 class=\"wp-block-heading\"><strong>C\u00f3mo cambiar\u00e1 el mundo el 5G<\/strong><\/h3>\n\n\n\n<p><strong>El avance m\u00e1s significativo viene de la mano de la velocidad<\/strong>. El 5G permitir\u00e1 navegar hasta a 10 GBps (gigabytes por segundo), 10 veces m\u00e1s r\u00e1pido que las principales ofertas de fibra \u00f3ptica del mercado. A ese ritmo se puede, por ejemplo, descargar una pel\u00edcula completa en cuesti\u00f3n de segundos.<\/p>\n\n\n\n<p>Adem\u00e1s, la latencia (el tiempo de respuesta de la red) tambi\u00e9n experimentar\u00e1 un avance significativo. Seg\u00fan los operadores, esta<strong>&nbsp;puede reducirse a 5 milisegundos<\/strong>, un per\u00edodo casi imperceptible para los humanos, lo cual&nbsp;<strong>nos permitir\u00e1 conectarnos pr\u00e1cticamente en tiempo real<\/strong>. Este dato es especialmente importante, por ejemplo, para minimizar el tiempo de respuesta de un veh\u00edculo aut\u00f3nomo de cara a mejorar la seguridad tanto de los ocupantes como de cualquier viandante que le circunde.<\/p>\n\n\n\n<p>Gracias a esta nueva tecnolog\u00eda&nbsp;<strong>podemos, por ejemplo, aumentar exponencialmente el n\u00famero de dispositivos conectados<\/strong>. Veh\u00edculos, robots industriales, mobiliario urbano (badenes, calzada, paradas de autob\u00fas) o cualquier dispositivo electr\u00f3nico que tengamos en casa (desde la alarma alarma la lavadora, la nevera o el robot aspirador ) podr\u00e1n conectarse y compartir informaci\u00f3n en tiempo real.<\/p>\n\n\n\n<h3 class=\"wp-block-heading\"><strong>\u00bfEs peligroso el 5G?<\/strong><\/h3>\n\n\n\n<p><strong>La OMS calific\u00f3 la tecnolog\u00eda inal\u00e1mbrica como cancer\u00edgeno del nivel 2B<\/strong>, una catalogaci\u00f3n muy gen\u00e9rica que, seg\u00fan la propia organizaci\u00f3n sanitaria, hace referencia a los compuestos \u00abposiblemente carcin\u00f3genos para los seres humanos, esto es, cuando se considera que una asociaci\u00f3n causal es cre\u00edble, pero el azar, los sesgos o los factores de confusi\u00f3n no pueden descartarse con una confianza razonable\u00bb, una categor\u00eda en la que se incluyen sustancias que se tienen como poco nocivas, como el caf\u00e9.<\/p>\n\n\n\n<p>Sin embargo, a pesar de que la OMS&nbsp;haya afirmado que \u00ablos estudios realizados hasta la fecha no indican que la exposici\u00f3n ambiental a los campos de RF (radiofrecuencia) aumente el riesgo de c\u00e1ncer o de cualquier otra enfermedad\u00bb, desde ciertas organizaciones alertan de los potenciales peligros para la salud de las ondas de telefon\u00eda m\u00f3vil. Por ejemplo, la ONG Ecologistas en Acci\u00f3n emiti\u00f3 recientemente un comunicado en el que&nbsp;<strong>alertaba de que la implantaci\u00f3n del 5G se hab\u00eda llevado a cabo \u201csin evaluar sus posibles efectos sanitarios y ambientales,<\/strong>&nbsp;a pesar de los contundentes y numerosos llamamientos cient\u00edficos a aplicar el principio de precauci\u00f3n\u201d.<\/p>\n\n\n\n<p>De momento,&nbsp;<strong>con los estudios cient\u00edficos en la mano, parece que el 5G trae m\u00e1s beneficios que problemas<\/strong>.<\/p>\n\n\n\n<h4 class=\"wp-block-heading\">Sociedades que avanzan<\/h4>\n\n\n\n<p>5G habilita la creaci\u00f3n de ideas innovadoras para mejorar la seguridad y la sostenibilidad.<\/p>\n\n\n\n<ul class=\"wp-block-list\"><li>Redes el\u00e9ctricas m\u00e1s inteligentes para reducir considerablemente las emisiones de carbono.<\/li><li>M\u00e1s veh\u00edculos conectados que comparten informaci\u00f3n para evitar accidentes automovilisticos.<\/li><li>Despliegue m\u00e1s r\u00e1pido de los servicios de emergencia en accidentes.<\/li><li>Sensores conectados que pueden detectar y advertir de desastres naturales con anticipaci\u00f3n.<\/li><li>Drones como herramienta clave para acelerar y apoyar la respuesta a situaciones de emergencia.<\/li><li>Consultas o diagn\u00f3sticos remotos con especialistas sin importar la ubicaci\u00f3n de los pacientes. \u00ab<\/li><\/ul>\n\n\n\n<h4 class=\"wp-block-heading\">Transformando industrias<\/h4>\n\n\n\n<ul class=\"wp-block-list\"><li>5G es la base para un negocio flexible, eficiente y responsable.<\/li><li>L\u00edneas de producci\u00f3n que reaccionan de forma aut\u00f3noma a la oferta y la demanda.<\/li><li>R\u00e9plicas digitales que pueden advertir con anticipaci\u00f3n sobre fallas reales en la maquinaria.<\/li><li>Redes log\u00edsticas que enrutan mercanc\u00edas de forma aut\u00f3noma seg\u00fan las condiciones del mundo real.<\/li><li>Rastreo completo de art\u00edculos individuales en almacenes y puertos.<\/li><li>Acceso remoto a potentes robots y veh\u00edculos para mejorar la seguridad en entornos de riesgo.<\/li><li>Incremento del uso de IoT en la agricultura para hacer que los cultivos se desarrollen de manera eficiente.\u00bb<\/li><\/ul>\n\n\n\n<h4 class=\"wp-block-heading\">Elevando experiencias<\/h4>\n\n\n\n<p>5G prepara el escenario para un entretenimiento m\u00e1s inmersivo y una educaci\u00f3n m\u00e1s atractiva.<\/p>\n\n\n\n<ul class=\"wp-block-list\"><li>Mayor realismo en VR, AR y realidad extendida (XR) con dispositivos m\u00e1s livianos.<\/li><li>Ofrece experiencias sensoriales como el tacto, a trav\u00e9s de dispositivos.<\/li><li>M\u00e9todos de ense\u00f1anza m\u00e1s atractivos a trav\u00e9s de contenido inmersivo.<\/li><li>Reuniones virtuales inmersivas para impulsar la productividad del equipo que se encuentra trabajando a distancia.<\/li><li>Conectividad estable y confiable en espacios concurridos.<\/li><li>Nuevos \u00e1ngulos e interacciones para espectadores de eventos remotos o en vivo.<\/li><\/ul>\n\n\n\n<p><\/p>\n","protected":false},"excerpt":{"rendered":"<p>El 5G est\u00e1 en boca de todos. Esta nueva tecnolog\u00eda m\u00f3vil aumentar\u00e1 la velocidad de conexi\u00f3n, reduce al m\u00ednimo la latencia (el tiempo de respuesta de la web) y multiplicar\u00e1 &hellip; <a href=\"https:\/\/thaderradiofm.es\/?p=781\" class=\"more-link\">Leer m\u00e1s<\/a><\/p>\n","protected":false},"author":2,"featured_media":782,"comment_status":"closed","ping_status":"open","sticky":false,"template":"","format":"standard","meta":{"footnotes":""},"categories":[6],"tags":[],"class_list":["post-781","post","type-post","status-publish","format-standard","has-post-thumbnail","hentry","category-actualidad","entry"],"yoast_head":"<!-- This site is optimized with the Yoast SEO plugin v23.9 - https:\/\/yoast.com\/wordpress\/plugins\/seo\/ -->\n<title>\u00bfQu\u00e9 es el 5g? - Thader Radio FM<\/title>\n<meta name=\"robots\" content=\"index, follow, max-snippet:-1, max-image-preview:large, max-video-preview:-1\" \/>\n<link rel=\"canonical\" href=\"https:\/\/thaderradiofm.es\/?p=781\" \/>\n<meta property=\"og:locale\" content=\"es_ES\" \/>\n<meta property=\"og:type\" content=\"article\" \/>\n<meta property=\"og:title\" content=\"\u00bfQu\u00e9 es el 5g? - Thader Radio FM\" \/>\n<meta property=\"og:description\" content=\"El 5G est\u00e1 en boca de todos. Esta nueva tecnolog\u00eda m\u00f3vil aumentar\u00e1 la velocidad de conexi\u00f3n, reduce al m\u00ednimo la latencia (el tiempo de respuesta de la web) y multiplicar\u00e1 &hellip; Leer m\u00e1s\" \/>\n<meta property=\"og:url\" content=\"https:\/\/thaderradiofm.es\/?p=781\" \/>\n<meta property=\"og:site_name\" content=\"Thader Radio FM\" \/>\n<meta property=\"article:published_time\" content=\"2022-08-01T08:16:04+00:00\" \/>\n<meta property=\"og:image\" content=\"https:\/\/thaderradiofm.es\/wp-content\/uploads\/2022\/08\/conectividad-total_4fc78a23_1280x913.jpg\" \/>\n\t<meta property=\"og:image:width\" content=\"1280\" \/>\n\t<meta property=\"og:image:height\" content=\"913\" \/>\n\t<meta property=\"og:image:type\" content=\"image\/jpeg\" \/>\n<meta name=\"author\" content=\"ThaderRadioFM\" \/>\n<meta name=\"twitter:card\" content=\"summary_large_image\" \/>\n<meta name=\"twitter:label1\" content=\"Escrito por\" \/>\n\t<meta name=\"twitter:data1\" content=\"ThaderRadioFM\" \/>\n\t<meta name=\"twitter:label2\" content=\"Tiempo de lectura\" \/>\n\t<meta name=\"twitter:data2\" content=\"5 minutos\" \/>\n<script type=\"application\/ld+json\" class=\"yoast-schema-graph\">{\"@context\":\"https:\/\/schema.org\",\"@graph\":[{\"@type\":\"Article\",\"@id\":\"https:\/\/thaderradiofm.es\/?p=781#article\",\"isPartOf\":{\"@id\":\"https:\/\/thaderradiofm.es\/?p=781\"},\"author\":{\"name\":\"ThaderRadioFM\",\"@id\":\"http:\/\/thaderradiofm.es\/#\/schema\/person\/83fa03919671b30d343eb51bf18a9e2f\"},\"headline\":\"\u00bfQu\u00e9 es el 5g?\",\"datePublished\":\"2022-08-01T08:16:04+00:00\",\"dateModified\":\"2022-08-01T08:16:04+00:00\",\"mainEntityOfPage\":{\"@id\":\"https:\/\/thaderradiofm.es\/?p=781\"},\"wordCount\":1054,\"publisher\":{\"@id\":\"http:\/\/thaderradiofm.es\/#organization\"},\"image\":{\"@id\":\"https:\/\/thaderradiofm.es\/?p=781#primaryimage\"},\"thumbnailUrl\":\"https:\/\/thaderradiofm.es\/wp-content\/uploads\/2022\/08\/conectividad-total_4fc78a23_1280x913.jpg\",\"articleSection\":[\"Actualidad\"],\"inLanguage\":\"es\"},{\"@type\":\"WebPage\",\"@id\":\"https:\/\/thaderradiofm.es\/?p=781\",\"url\":\"https:\/\/thaderradiofm.es\/?p=781\",\"name\":\"\u00bfQu\u00e9 es el 5g? - Thader Radio FM\",\"isPartOf\":{\"@id\":\"http:\/\/thaderradiofm.es\/#website\"},\"primaryImageOfPage\":{\"@id\":\"https:\/\/thaderradiofm.es\/?p=781#primaryimage\"},\"image\":{\"@id\":\"https:\/\/thaderradiofm.es\/?p=781#primaryimage\"},\"thumbnailUrl\":\"https:\/\/thaderradiofm.es\/wp-content\/uploads\/2022\/08\/conectividad-total_4fc78a23_1280x913.jpg\",\"datePublished\":\"2022-08-01T08:16:04+00:00\",\"dateModified\":\"2022-08-01T08:16:04+00:00\",\"breadcrumb\":{\"@id\":\"https:\/\/thaderradiofm.es\/?p=781#breadcrumb\"},\"inLanguage\":\"es\",\"potentialAction\":[{\"@type\":\"ReadAction\",\"target\":[\"https:\/\/thaderradiofm.es\/?p=781\"]}]},{\"@type\":\"ImageObject\",\"inLanguage\":\"es\",\"@id\":\"https:\/\/thaderradiofm.es\/?p=781#primaryimage\",\"url\":\"https:\/\/thaderradiofm.es\/wp-content\/uploads\/2022\/08\/conectividad-total_4fc78a23_1280x913.jpg\",\"contentUrl\":\"https:\/\/thaderradiofm.es\/wp-content\/uploads\/2022\/08\/conectividad-total_4fc78a23_1280x913.jpg\",\"width\":1280,\"height\":913},{\"@type\":\"BreadcrumbList\",\"@id\":\"https:\/\/thaderradiofm.es\/?p=781#breadcrumb\",\"itemListElement\":[{\"@type\":\"ListItem\",\"position\":1,\"name\":\"Portada\",\"item\":\"http:\/\/thaderradiofm.es\/\"},{\"@type\":\"ListItem\",\"position\":2,\"name\":\"\u00bfQu\u00e9 es el 5g?\"}]},{\"@type\":\"WebSite\",\"@id\":\"http:\/\/thaderradiofm.es\/#website\",\"url\":\"http:\/\/thaderradiofm.es\/\",\"name\":\"Thader Radio FM\",\"description\":\"La Radio en Espa\u00f1ol\",\"publisher\":{\"@id\":\"http:\/\/thaderradiofm.es\/#organization\"},\"potentialAction\":[{\"@type\":\"SearchAction\",\"target\":{\"@type\":\"EntryPoint\",\"urlTemplate\":\"http:\/\/thaderradiofm.es\/?s={search_term_string}\"},\"query-input\":{\"@type\":\"PropertyValueSpecification\",\"valueRequired\":true,\"valueName\":\"search_term_string\"}}],\"inLanguage\":\"es\"},{\"@type\":\"Organization\",\"@id\":\"http:\/\/thaderradiofm.es\/#organization\",\"name\":\"Thader Radio FM\",\"url\":\"http:\/\/thaderradiofm.es\/\",\"logo\":{\"@type\":\"ImageObject\",\"inLanguage\":\"es\",\"@id\":\"http:\/\/thaderradiofm.es\/#\/schema\/logo\/image\/\",\"url\":\"https:\/\/thaderradiofm.es\/wp-content\/uploads\/2023\/02\/cropped-THADER-RADIO.jpg\",\"contentUrl\":\"https:\/\/thaderradiofm.es\/wp-content\/uploads\/2023\/02\/cropped-THADER-RADIO.jpg\",\"width\":514,\"height\":385,\"caption\":\"Thader Radio FM\"},\"image\":{\"@id\":\"http:\/\/thaderradiofm.es\/#\/schema\/logo\/image\/\"}},{\"@type\":\"Person\",\"@id\":\"http:\/\/thaderradiofm.es\/#\/schema\/person\/83fa03919671b30d343eb51bf18a9e2f\",\"name\":\"ThaderRadioFM\",\"image\":{\"@type\":\"ImageObject\",\"inLanguage\":\"es\",\"@id\":\"http:\/\/thaderradiofm.es\/#\/schema\/person\/image\/\",\"url\":\"https:\/\/secure.gravatar.com\/avatar\/2050f79275a4ad7fd9fd0007b778bf26a99a1fbb55d365236b72b07b4779d82c?s=96&d=mm&r=g\",\"contentUrl\":\"https:\/\/secure.gravatar.com\/avatar\/2050f79275a4ad7fd9fd0007b778bf26a99a1fbb55d365236b72b07b4779d82c?s=96&d=mm&r=g\",\"caption\":\"ThaderRadioFM\"},\"url\":\"https:\/\/thaderradiofm.es\/?author=2\"}]}<\/script>\n<!-- \/ Yoast SEO plugin. -->","yoast_head_json":{"title":"\u00bfQu\u00e9 es el 5g? - Thader Radio FM","robots":{"index":"index","follow":"follow","max-snippet":"max-snippet:-1","max-image-preview":"max-image-preview:large","max-video-preview":"max-video-preview:-1"},"canonical":"https:\/\/thaderradiofm.es\/?p=781","og_locale":"es_ES","og_type":"article","og_title":"\u00bfQu\u00e9 es el 5g? - Thader Radio FM","og_description":"El 5G est\u00e1 en boca de todos. Esta nueva tecnolog\u00eda m\u00f3vil aumentar\u00e1 la velocidad de conexi\u00f3n, reduce al m\u00ednimo la latencia (el tiempo de respuesta de la web) y multiplicar\u00e1 &hellip; Leer m\u00e1s","og_url":"https:\/\/thaderradiofm.es\/?p=781","og_site_name":"Thader Radio FM","article_published_time":"2022-08-01T08:16:04+00:00","og_image":[{"width":1280,"height":913,"url":"https:\/\/thaderradiofm.es\/wp-content\/uploads\/2022\/08\/conectividad-total_4fc78a23_1280x913.jpg","type":"image\/jpeg"}],"author":"ThaderRadioFM","twitter_card":"summary_large_image","twitter_misc":{"Escrito por":"ThaderRadioFM","Tiempo de lectura":"5 minutos"},"schema":{"@context":"https:\/\/schema.org","@graph":[{"@type":"Article","@id":"https:\/\/thaderradiofm.es\/?p=781#article","isPartOf":{"@id":"https:\/\/thaderradiofm.es\/?p=781"},"author":{"name":"ThaderRadioFM","@id":"http:\/\/thaderradiofm.es\/#\/schema\/person\/83fa03919671b30d343eb51bf18a9e2f"},"headline":"\u00bfQu\u00e9 es el 5g?","datePublished":"2022-08-01T08:16:04+00:00","dateModified":"2022-08-01T08:16:04+00:00","mainEntityOfPage":{"@id":"https:\/\/thaderradiofm.es\/?p=781"},"wordCount":1054,"publisher":{"@id":"http:\/\/thaderradiofm.es\/#organization"},"image":{"@id":"https:\/\/thaderradiofm.es\/?p=781#primaryimage"},"thumbnailUrl":"https:\/\/thaderradiofm.es\/wp-content\/uploads\/2022\/08\/conectividad-total_4fc78a23_1280x913.jpg","articleSection":["Actualidad"],"inLanguage":"es"},{"@type":"WebPage","@id":"https:\/\/thaderradiofm.es\/?p=781","url":"https:\/\/thaderradiofm.es\/?p=781","name":"\u00bfQu\u00e9 es el 5g? - Thader Radio FM","isPartOf":{"@id":"http:\/\/thaderradiofm.es\/#website"},"primaryImageOfPage":{"@id":"https:\/\/thaderradiofm.es\/?p=781#primaryimage"},"image":{"@id":"https:\/\/thaderradiofm.es\/?p=781#primaryimage"},"thumbnailUrl":"https:\/\/thaderradiofm.es\/wp-content\/uploads\/2022\/08\/conectividad-total_4fc78a23_1280x913.jpg","datePublished":"2022-08-01T08:16:04+00:00","dateModified":"2022-08-01T08:16:04+00:00","breadcrumb":{"@id":"https:\/\/thaderradiofm.es\/?p=781#breadcrumb"},"inLanguage":"es","potentialAction":[{"@type":"ReadAction","target":["https:\/\/thaderradiofm.es\/?p=781"]}]},{"@type":"ImageObject","inLanguage":"es","@id":"https:\/\/thaderradiofm.es\/?p=781#primaryimage","url":"https:\/\/thaderradiofm.es\/wp-content\/uploads\/2022\/08\/conectividad-total_4fc78a23_1280x913.jpg","contentUrl":"https:\/\/thaderradiofm.es\/wp-content\/uploads\/2022\/08\/conectividad-total_4fc78a23_1280x913.jpg","width":1280,"height":913},{"@type":"BreadcrumbList","@id":"https:\/\/thaderradiofm.es\/?p=781#breadcrumb","itemListElement":[{"@type":"ListItem","position":1,"name":"Portada","item":"http:\/\/thaderradiofm.es\/"},{"@type":"ListItem","position":2,"name":"\u00bfQu\u00e9 es el 5g?"}]},{"@type":"WebSite","@id":"http:\/\/thaderradiofm.es\/#website","url":"http:\/\/thaderradiofm.es\/","name":"Thader Radio FM","description":"La Radio en Espa\u00f1ol","publisher":{"@id":"http:\/\/thaderradiofm.es\/#organization"},"potentialAction":[{"@type":"SearchAction","target":{"@type":"EntryPoint","urlTemplate":"http:\/\/thaderradiofm.es\/?s={search_term_string}"},"query-input":{"@type":"PropertyValueSpecification","valueRequired":true,"valueName":"search_term_string"}}],"inLanguage":"es"},{"@type":"Organization","@id":"http:\/\/thaderradiofm.es\/#organization","name":"Thader Radio FM","url":"http:\/\/thaderradiofm.es\/","logo":{"@type":"ImageObject","inLanguage":"es","@id":"http:\/\/thaderradiofm.es\/#\/schema\/logo\/image\/","url":"https:\/\/thaderradiofm.es\/wp-content\/uploads\/2023\/02\/cropped-THADER-RADIO.jpg","contentUrl":"https:\/\/thaderradiofm.es\/wp-content\/uploads\/2023\/02\/cropped-THADER-RADIO.jpg","width":514,"height":385,"caption":"Thader Radio FM"},"image":{"@id":"http:\/\/thaderradiofm.es\/#\/schema\/logo\/image\/"}},{"@type":"Person","@id":"http:\/\/thaderradiofm.es\/#\/schema\/person\/83fa03919671b30d343eb51bf18a9e2f","name":"ThaderRadioFM","image":{"@type":"ImageObject","inLanguage":"es","@id":"http:\/\/thaderradiofm.es\/#\/schema\/person\/image\/","url":"https:\/\/secure.gravatar.com\/avatar\/2050f79275a4ad7fd9fd0007b778bf26a99a1fbb55d365236b72b07b4779d82c?s=96&d=mm&r=g","contentUrl":"https:\/\/secure.gravatar.com\/avatar\/2050f79275a4ad7fd9fd0007b778bf26a99a1fbb55d365236b72b07b4779d82c?s=96&d=mm&r=g","caption":"ThaderRadioFM"},"url":"https:\/\/thaderradiofm.es\/?author=2"}]}},"_links":{"self":[{"href":"https:\/\/thaderradiofm.es\/index.php?rest_route=\/wp\/v2\/posts\/781","targetHints":{"allow":["GET"]}}],"collection":[{"href":"https:\/\/thaderradiofm.es\/index.php?rest_route=\/wp\/v2\/posts"}],"about":[{"href":"https:\/\/thaderradiofm.es\/index.php?rest_route=\/wp\/v2\/types\/post"}],"author":[{"embeddable":true,"href":"https:\/\/thaderradiofm.es\/index.php?rest_route=\/wp\/v2\/users\/2"}],"replies":[{"embeddable":true,"href":"https:\/\/thaderradiofm.es\/index.php?rest_route=%2Fwp%2Fv2%2Fcomments&post=781"}],"version-history":[{"count":1,"href":"https:\/\/thaderradiofm.es\/index.php?rest_route=\/wp\/v2\/posts\/781\/revisions"}],"predecessor-version":[{"id":783,"href":"https:\/\/thaderradiofm.es\/index.php?rest_route=\/wp\/v2\/posts\/781\/revisions\/783"}],"wp:featuredmedia":[{"embeddable":true,"href":"https:\/\/thaderradiofm.es\/index.php?rest_route=\/wp\/v2\/media\/782"}],"wp:attachment":[{"href":"https:\/\/thaderradiofm.es\/index.php?rest_route=%2Fwp%2Fv2%2Fmedia&parent=781"}],"wp:term":[{"taxonomy":"category","embeddable":true,"href":"https:\/\/thaderradiofm.es\/index.php?rest_route=%2Fwp%2Fv2%2Fcategories&post=781"},{"taxonomy":"post_tag","embeddable":true,"href":"https:\/\/thaderradiofm.es\/index.php?rest_route=%2Fwp%2Fv2%2Ftags&post=781"}],"curies":[{"name":"wp","href":"https:\/\/api.w.org\/{rel}","templated":true}]}}