{"id":763,"date":"2022-07-26T08:51:22","date_gmt":"2022-07-26T08:51:22","guid":{"rendered":"http:\/\/thaderradiofm.es\/?p=763"},"modified":"2022-07-26T08:55:24","modified_gmt":"2022-07-26T08:55:24","slug":"flora-de-la-region-de-murcia","status":"publish","type":"post","link":"https:\/\/thaderradiofm.es\/?p=763","title":{"rendered":"Flora de la Regi\u00f3n de Murcia"},"content":{"rendered":"\n<p><\/p>\n\n\n\n<p><strong>Ambientes<\/strong><\/p>\n\n\n\n<p><strong>Bosques<\/strong><\/p>\n\n\n\n<p>Se trata de comunidades en las que el elemento de la vegetaci\u00f3n m\u00e1s representativo son especies de porte arb\u00f3reo. Comprende a los bosques y sus orlas, incluidas las formaciones arb\u00f3reas dispersas y las acantonadas en roquedos, los pinares de repoblaci\u00f3n y cualquier tipo de formaci\u00f3n forestal en la que la especie dominante es un \u00e1rbol. Por ejemplo, se consideran aqu\u00ed, los sabinares de sabina albar y sabina de Cartagena, etc. Los bosques de ribera o en galer\u00eda, asociados a los cauces de los r\u00edos, se tratan dentro de las comunidades hidr\u00f3filas o&nbsp;<a href=\"https:\/\/www.regmurcia.com\/servlet\/s.Sl?sit=c,365,m,1050&amp;r=ReP-9557-DETALLE_REPORTAJESPADRE\"><strong>humedales<\/strong><\/a>.<\/p>\n\n\n\n<p><strong>Matorrales<\/strong><\/p>\n\n\n\n<p>&nbsp;Comprenden una muy diversa variedad de formaciones vegetales dominadas por especies de porte arbustivo. En general, se trata de monte bajo con arbustos, hierbas perennes altas y peque\u00f1as plantas o matas, con frecuencia resultado de etapas seriales de degradaci\u00f3n de la cl\u00edmax.<\/p>\n\n\n\n<p><strong>Roquedos<\/strong><\/p>\n\n\n\n<p>Son ambientes extremos que se caracterizan por una vegetaci\u00f3n muy especializada y adaptada. Se trata de espacios muy localizados y de zonas concretas, claramente reconocibles sobre el terreno. Se han formado a partir de diversos procesos geomorfol\u00f3gicos que dejan al descubierto la roca madre. Por los peque\u00f1os resquicios entre las grietas penetran las ra\u00edces de las plantas adaptadas a estos ambientes, que sirven de firme anclaje y son capaces de aprovechar los nutrientes y minerales disueltos en las aguas que temporalmente circulan por la pared.<\/p>\n\n\n\n<p><strong>Humedales<\/strong><\/p>\n\n\n\n<p>&nbsp;Las comunidades hidr\u00f3filas, t\u00e9rmino mejor para describir los tipos de esta vegetaci\u00f3n, son ambientes de estructura muy diversa y heterog\u00e9nea, que comprenden formaciones vegetales incluibles en los tratados anteriormente: bosques, matorrales, pastizales e incluso roquedos. Hay un elemento (f\u00edsico-qu\u00edmico) que los define, y es&nbsp;<a href=\"https:\/\/www.regmurcia.com\/servlet\/s.Sl?sit=c,365,m,1040\"><strong>el agua<\/strong><\/a><strong>:<\/strong>&nbsp;circulante, superficial, con o sin sales, su presencia determina una vegetaci\u00f3n azonal, propia y caracter\u00edstica, pr\u00e1cticamente independiente del \u00e1rea geogr\u00e1fica y las condiciones clim\u00e1ticas locales.<\/p>\n\n\n\n<p><strong>Comunidades agr\u00edcolas<\/strong><\/p>\n\n\n\n<p>&nbsp; Los cultivos son la actividad humana que de forma m\u00e1s directa ocupa el medio natural, aunque s\u00f3lo sea por su extensi\u00f3n. Resultado de siglos de pr\u00e1cticas agr\u00edcolas buena parte del territorio murciano es un mosaico de cultivos de secano y regad\u00edo muy diversos. Asociados a estos cultivos, y a la presencia de actividades humanas, se desarrollan comunidades vegetales antr\u00f3picas, t\u00e9rmino que se adapta mejor a los ambientes que brevemente describiremos a continuaci\u00f3n, donde medran con rapidez y en gran n\u00famero especies oportunistas, muchas de ellas aut\u00f3ctonas y naturalizadas, que aprovechan los suelos ricos en nutrientes y la continua intervenci\u00f3n por parte del hombre para favorecer a sus cultivos, que elimina competidores y la sucesi\u00f3n l\u00f3gica y natural de la vegetaci\u00f3n. Algunas de estas plantas constituyen aut\u00e9nticas plagas dif\u00edciles o imposibles de erradicar m\u00e1s que temporalmente.<\/p>\n\n\n\n<p><strong>Especies<\/strong><\/p>\n\n\n\n<p>&nbsp;La presentaci\u00f3n de las fichas de especies de flora en Regi\u00f3n de Murcia Digital atiende a un sistema de clasificaci\u00f3n b\u00e1sica, f\u00e1cilmente entendible para el visitante, que las ordena en tres \u2013m\u00e1s bien cuatro\u2013, tipos b\u00e1sicos o h\u00e1bitos de plantas:&nbsp;<strong>\u00e1rboles<\/strong>, como el \u00c1lamo, el Alcornoque, el Almendro o el Limonero.&nbsp;<strong>Arbustos<\/strong><strong>,<\/strong><strong> <\/strong><strong>como el Carrizo, el Palmito<\/strong><strong> <\/strong><strong>y el Romero<\/strong>&nbsp;y&nbsp;<strong>hierbas y matas<\/strong>, como la Arenaria, el Hinojo o el Pie Azul.<\/p>\n\n\n\n<p><strong>Protecci\u00f3n y conservaci\u00f3n<\/strong><\/p>\n\n\n\n<p><strong>Especies protegidas<\/strong><\/p>\n\n\n\n<p>En el art\u00edculo 30 de la Ley 4\/89 (BOE n\u00fam. 74), de Conservaci\u00f3n de los Espacios Naturales y de la Flora y Fauna Silvestres, se crea, por primera vez, con car\u00e1cter administrativo y \u00e1mbito estatal, el&nbsp;<em>Cat\u00e1logo Nacional de Especies Amenazadas<\/em>, sin que \u00e9ste suponga detrimento a las Comunidades Aut\u00f3nomas para establecer en su territorio el correspondiente cat\u00e1logo de especies amenazadas, que muchas desarrollan ese mismo a\u00f1o, como la Regi\u00f3n de Murcia, mediante la Orden de 17 de febrero de 1989<\/p>\n\n\n\n<p><strong>H\u00e1bitats de inter\u00e9s comunitario<\/strong><\/p>\n\n\n\n<p>La Directiva 92\/43\/CEE o Directiva H\u00e1bitats (DOCE serie L n\u00fam. 206) tiene como objetivo principal el mantenimiento de la biodiversidad y, en concreto, de los h\u00e1bitats naturales y de las especies de inter\u00e9s comunitario en un estado favorable, dentro de una red ecol\u00f3gica europea coherente, la Red Natura 2000.<\/p>\n\n\n\n<p>Lugares de importancia comunitaria<\/p>\n\n\n\n<p>&nbsp;La Uni\u00f3n Europea, amparada en la Directiva 92\/43\/CEE o Directiva H\u00e1bitats (DOCE serie L n\u00fam. 206), que en su Anexo I contempla los tipos de h\u00e1bitats naturales de inter\u00e9s comunitario, eleva a la Administraci\u00f3n Central y a las Comunidades Aut\u00f3nomas la necesidad de proponer espacios de su \u00e1mbito territorial para unirse a una red ecol\u00f3gica europea coherente denominada&nbsp;<strong>Red Natura 2000<\/strong>. En este sentido, la Regi\u00f3n de Murcia propone inicialmente, en la Resoluci\u00f3n de 28 de julio de 2000 (BORM n\u00fam. 181), cincuenta&nbsp;<strong>Lugares de Importancia Comunitaria<\/strong>&nbsp;\u2013LIC\u2013, de los que cuarenta y siete corresponden al medio terrestre y los restantes al medio marino. Estos LIC, junto a las Zonas de Especial Protecci\u00f3n para las Aves \u2013ZEPA\u2013, se convertir\u00e1n en las&nbsp;<strong>Zonas de Especial Conservaci\u00f3n<\/strong>&nbsp;\u2013ZEC\u2013, una vez elaborados y desarrollados los correspondientes Planes de Gesti\u00f3n, y comprender\u00e1n un amplio conjunto de espacios protegidos por toda Europa.<\/p>\n\n\n\n<p><strong>Especies protegidas<\/strong><\/p>\n\n\n\n<p>Determinados lugares, por sus valores naturales, inter\u00e9s ecol\u00f3gico, cient\u00edfico, sociecon\u00f3mico o cultural, son merecedores y necesitan de un r\u00e9gimen especial de protecci\u00f3n y gesti\u00f3n, as\u00ed lo contempla el Art\u00edculo 48, del Cap\u00edtulo III \u201cDe los espacios naturales protegidos\u201d de la 4\/1992 (BORM n\u00fam. 189).<\/p>\n\n\n\n<p>&nbsp;&nbsp;&nbsp; Actualmente, la Regi\u00f3n de Murcia cuenta con una red de Espacios Naturales Protegidos \u2013ENP\u2013 constituida por siete&nbsp;<strong>Parques Regionales<\/strong>&nbsp;\u2013antes llamados Parques Naturales\u2013, una&nbsp;<strong>Reserva Natural<\/strong>, cinco&nbsp;<strong>Paisajes Protegidos<\/strong>&nbsp;y otros seis&nbsp;<em>espacios protegidos sin figura legal asignada<\/em>, resultado de la aplicaci\u00f3n de la Ley 4\/1992 (BORM n\u00fam. 189), que se fundamenta en la Ley 4\/1989 (BOE n\u00fam. 74). Por el momento no se ha asignado a ning\u00fan enclave murciano otras figuras contempladas por la legislaci\u00f3n regional, como la de&nbsp;<strong>Monumento Natural<\/strong>, tambi\u00e9n de la Ley 4\/1992 (BORM n\u00fam. 189), o la de&nbsp;<strong>\u00c1rea de Sensibilidad Ecol\u00f3gica<\/strong>, figura de protecci\u00f3n de la Ley 1\/1995 (BORM n\u00fam. 78).<\/p>\n\n\n\n<p><strong>Microreservas<\/strong><\/p>\n\n\n\n<p>En 2005, resultado de un convenio de colaboraci\u00f3n de la Universidad de Murcia con la Consejer\u00eda de Industria y Medio ambiente de la Regi\u00f3n de Murcia, se proponen 89 lugares de inter\u00e9s bot\u00e1nico como Micorreservas bot\u00e1nicas, en el libro&nbsp;<em>Lugares de inter\u00e9s bot\u00e1nico de la Regi\u00f3n de Murcia<\/em>&nbsp;(S\u00e1nchez G\u00f3mez et al. 2005).<\/p>\n\n\n\n<p><strong>Especies naturalizadas e invasoras de la flora de Murcia<\/strong><\/p>\n\n\n\n<p>En la flora de un territorio, en el conjunto de plantas de una regi\u00f3n, est\u00e1n comprendidas determinadas especies que, originarias y procedentes de otros lugares \u2013en ocasiones muy lejanos\u2013, crecen de forma subespon\u00e1nea junto a las oriundas o silvestres.<\/p>\n","protected":false},"excerpt":{"rendered":"<p>Ambientes Bosques Se trata de comunidades en las que el elemento de la vegetaci\u00f3n m\u00e1s representativo son especies de porte arb\u00f3reo. Comprende a los bosques y sus orlas, incluidas las &hellip; <a href=\"https:\/\/thaderradiofm.es\/?p=763\" class=\"more-link\">Leer m\u00e1s<\/a><\/p>\n","protected":false},"author":2,"featured_media":766,"comment_status":"closed","ping_status":"open","sticky":false,"template":"","format":"standard","meta":{"footnotes":""},"categories":[6,20],"tags":[],"class_list":["post-763","post","type-post","status-publish","format-standard","has-post-thumbnail","hentry","category-actualidad","category-agricultura","entry"],"yoast_head":"<!-- This site is optimized with the Yoast SEO plugin v23.9 - https:\/\/yoast.com\/wordpress\/plugins\/seo\/ -->\n<title>Flora de la Regi\u00f3n de Murcia - Thader Radio FM<\/title>\n<meta name=\"robots\" content=\"index, follow, max-snippet:-1, max-image-preview:large, max-video-preview:-1\" \/>\n<link rel=\"canonical\" href=\"https:\/\/thaderradiofm.es\/?p=763\" \/>\n<meta property=\"og:locale\" content=\"es_ES\" \/>\n<meta property=\"og:type\" content=\"article\" \/>\n<meta property=\"og:title\" content=\"Flora de la Regi\u00f3n de Murcia - Thader Radio FM\" \/>\n<meta property=\"og:description\" content=\"Ambientes Bosques Se trata de comunidades en las que el elemento de la vegetaci\u00f3n m\u00e1s representativo son especies de porte arb\u00f3reo. Comprende a los bosques y sus orlas, incluidas las &hellip; Leer m\u00e1s\" \/>\n<meta property=\"og:url\" content=\"https:\/\/thaderradiofm.es\/?p=763\" \/>\n<meta property=\"og:site_name\" content=\"Thader Radio FM\" \/>\n<meta property=\"article:published_time\" content=\"2022-07-26T08:51:22+00:00\" \/>\n<meta property=\"article:modified_time\" content=\"2022-07-26T08:55:24+00:00\" \/>\n<meta property=\"og:image\" content=\"https:\/\/thaderradiofm.es\/wp-content\/uploads\/2022\/07\/Especies-protegidas-de-Murcia.-Flora.jpg\" \/>\n\t<meta property=\"og:image:width\" content=\"1043\" \/>\n\t<meta property=\"og:image:height\" content=\"882\" \/>\n\t<meta property=\"og:image:type\" content=\"image\/jpeg\" \/>\n<meta name=\"author\" content=\"ThaderRadioFM\" \/>\n<meta name=\"twitter:card\" content=\"summary_large_image\" \/>\n<meta name=\"twitter:label1\" content=\"Escrito por\" \/>\n\t<meta name=\"twitter:data1\" content=\"ThaderRadioFM\" \/>\n\t<meta name=\"twitter:label2\" content=\"Tiempo de lectura\" \/>\n\t<meta name=\"twitter:data2\" content=\"5 minutos\" \/>\n<script type=\"application\/ld+json\" class=\"yoast-schema-graph\">{\"@context\":\"https:\/\/schema.org\",\"@graph\":[{\"@type\":\"Article\",\"@id\":\"https:\/\/thaderradiofm.es\/?p=763#article\",\"isPartOf\":{\"@id\":\"https:\/\/thaderradiofm.es\/?p=763\"},\"author\":{\"name\":\"ThaderRadioFM\",\"@id\":\"http:\/\/thaderradiofm.es\/#\/schema\/person\/83fa03919671b30d343eb51bf18a9e2f\"},\"headline\":\"Flora de la Regi\u00f3n de Murcia\",\"datePublished\":\"2022-07-26T08:51:22+00:00\",\"dateModified\":\"2022-07-26T08:55:24+00:00\",\"mainEntityOfPage\":{\"@id\":\"https:\/\/thaderradiofm.es\/?p=763\"},\"wordCount\":1187,\"publisher\":{\"@id\":\"http:\/\/thaderradiofm.es\/#organization\"},\"image\":{\"@id\":\"https:\/\/thaderradiofm.es\/?p=763#primaryimage\"},\"thumbnailUrl\":\"https:\/\/thaderradiofm.es\/wp-content\/uploads\/2022\/07\/Especies-protegidas-de-Murcia.-Flora.jpg\",\"articleSection\":[\"Actualidad\",\"Agricultura\"],\"inLanguage\":\"es\"},{\"@type\":\"WebPage\",\"@id\":\"https:\/\/thaderradiofm.es\/?p=763\",\"url\":\"https:\/\/thaderradiofm.es\/?p=763\",\"name\":\"Flora de la Regi\u00f3n de Murcia - Thader Radio FM\",\"isPartOf\":{\"@id\":\"http:\/\/thaderradiofm.es\/#website\"},\"primaryImageOfPage\":{\"@id\":\"https:\/\/thaderradiofm.es\/?p=763#primaryimage\"},\"image\":{\"@id\":\"https:\/\/thaderradiofm.es\/?p=763#primaryimage\"},\"thumbnailUrl\":\"https:\/\/thaderradiofm.es\/wp-content\/uploads\/2022\/07\/Especies-protegidas-de-Murcia.-Flora.jpg\",\"datePublished\":\"2022-07-26T08:51:22+00:00\",\"dateModified\":\"2022-07-26T08:55:24+00:00\",\"breadcrumb\":{\"@id\":\"https:\/\/thaderradiofm.es\/?p=763#breadcrumb\"},\"inLanguage\":\"es\",\"potentialAction\":[{\"@type\":\"ReadAction\",\"target\":[\"https:\/\/thaderradiofm.es\/?p=763\"]}]},{\"@type\":\"ImageObject\",\"inLanguage\":\"es\",\"@id\":\"https:\/\/thaderradiofm.es\/?p=763#primaryimage\",\"url\":\"https:\/\/thaderradiofm.es\/wp-content\/uploads\/2022\/07\/Especies-protegidas-de-Murcia.-Flora.jpg\",\"contentUrl\":\"https:\/\/thaderradiofm.es\/wp-content\/uploads\/2022\/07\/Especies-protegidas-de-Murcia.-Flora.jpg\",\"width\":1043,\"height\":882},{\"@type\":\"BreadcrumbList\",\"@id\":\"https:\/\/thaderradiofm.es\/?p=763#breadcrumb\",\"itemListElement\":[{\"@type\":\"ListItem\",\"position\":1,\"name\":\"Portada\",\"item\":\"http:\/\/thaderradiofm.es\/\"},{\"@type\":\"ListItem\",\"position\":2,\"name\":\"Flora de la Regi\u00f3n de Murcia\"}]},{\"@type\":\"WebSite\",\"@id\":\"http:\/\/thaderradiofm.es\/#website\",\"url\":\"http:\/\/thaderradiofm.es\/\",\"name\":\"Thader Radio FM\",\"description\":\"La Radio en Espa\u00f1ol\",\"publisher\":{\"@id\":\"http:\/\/thaderradiofm.es\/#organization\"},\"potentialAction\":[{\"@type\":\"SearchAction\",\"target\":{\"@type\":\"EntryPoint\",\"urlTemplate\":\"http:\/\/thaderradiofm.es\/?s={search_term_string}\"},\"query-input\":{\"@type\":\"PropertyValueSpecification\",\"valueRequired\":true,\"valueName\":\"search_term_string\"}}],\"inLanguage\":\"es\"},{\"@type\":\"Organization\",\"@id\":\"http:\/\/thaderradiofm.es\/#organization\",\"name\":\"Thader Radio FM\",\"url\":\"http:\/\/thaderradiofm.es\/\",\"logo\":{\"@type\":\"ImageObject\",\"inLanguage\":\"es\",\"@id\":\"http:\/\/thaderradiofm.es\/#\/schema\/logo\/image\/\",\"url\":\"https:\/\/thaderradiofm.es\/wp-content\/uploads\/2023\/02\/cropped-THADER-RADIO.jpg\",\"contentUrl\":\"https:\/\/thaderradiofm.es\/wp-content\/uploads\/2023\/02\/cropped-THADER-RADIO.jpg\",\"width\":514,\"height\":385,\"caption\":\"Thader Radio FM\"},\"image\":{\"@id\":\"http:\/\/thaderradiofm.es\/#\/schema\/logo\/image\/\"}},{\"@type\":\"Person\",\"@id\":\"http:\/\/thaderradiofm.es\/#\/schema\/person\/83fa03919671b30d343eb51bf18a9e2f\",\"name\":\"ThaderRadioFM\",\"image\":{\"@type\":\"ImageObject\",\"inLanguage\":\"es\",\"@id\":\"http:\/\/thaderradiofm.es\/#\/schema\/person\/image\/\",\"url\":\"https:\/\/secure.gravatar.com\/avatar\/2050f79275a4ad7fd9fd0007b778bf26a99a1fbb55d365236b72b07b4779d82c?s=96&d=mm&r=g\",\"contentUrl\":\"https:\/\/secure.gravatar.com\/avatar\/2050f79275a4ad7fd9fd0007b778bf26a99a1fbb55d365236b72b07b4779d82c?s=96&d=mm&r=g\",\"caption\":\"ThaderRadioFM\"},\"url\":\"https:\/\/thaderradiofm.es\/?author=2\"}]}<\/script>\n<!-- \/ Yoast SEO plugin. -->","yoast_head_json":{"title":"Flora de la Regi\u00f3n de Murcia - Thader Radio FM","robots":{"index":"index","follow":"follow","max-snippet":"max-snippet:-1","max-image-preview":"max-image-preview:large","max-video-preview":"max-video-preview:-1"},"canonical":"https:\/\/thaderradiofm.es\/?p=763","og_locale":"es_ES","og_type":"article","og_title":"Flora de la Regi\u00f3n de Murcia - Thader Radio FM","og_description":"Ambientes Bosques Se trata de comunidades en las que el elemento de la vegetaci\u00f3n m\u00e1s representativo son especies de porte arb\u00f3reo. Comprende a los bosques y sus orlas, incluidas las &hellip; Leer m\u00e1s","og_url":"https:\/\/thaderradiofm.es\/?p=763","og_site_name":"Thader Radio FM","article_published_time":"2022-07-26T08:51:22+00:00","article_modified_time":"2022-07-26T08:55:24+00:00","og_image":[{"width":1043,"height":882,"url":"https:\/\/thaderradiofm.es\/wp-content\/uploads\/2022\/07\/Especies-protegidas-de-Murcia.-Flora.jpg","type":"image\/jpeg"}],"author":"ThaderRadioFM","twitter_card":"summary_large_image","twitter_misc":{"Escrito por":"ThaderRadioFM","Tiempo de lectura":"5 minutos"},"schema":{"@context":"https:\/\/schema.org","@graph":[{"@type":"Article","@id":"https:\/\/thaderradiofm.es\/?p=763#article","isPartOf":{"@id":"https:\/\/thaderradiofm.es\/?p=763"},"author":{"name":"ThaderRadioFM","@id":"http:\/\/thaderradiofm.es\/#\/schema\/person\/83fa03919671b30d343eb51bf18a9e2f"},"headline":"Flora de la Regi\u00f3n de Murcia","datePublished":"2022-07-26T08:51:22+00:00","dateModified":"2022-07-26T08:55:24+00:00","mainEntityOfPage":{"@id":"https:\/\/thaderradiofm.es\/?p=763"},"wordCount":1187,"publisher":{"@id":"http:\/\/thaderradiofm.es\/#organization"},"image":{"@id":"https:\/\/thaderradiofm.es\/?p=763#primaryimage"},"thumbnailUrl":"https:\/\/thaderradiofm.es\/wp-content\/uploads\/2022\/07\/Especies-protegidas-de-Murcia.-Flora.jpg","articleSection":["Actualidad","Agricultura"],"inLanguage":"es"},{"@type":"WebPage","@id":"https:\/\/thaderradiofm.es\/?p=763","url":"https:\/\/thaderradiofm.es\/?p=763","name":"Flora de la Regi\u00f3n de Murcia - Thader Radio FM","isPartOf":{"@id":"http:\/\/thaderradiofm.es\/#website"},"primaryImageOfPage":{"@id":"https:\/\/thaderradiofm.es\/?p=763#primaryimage"},"image":{"@id":"https:\/\/thaderradiofm.es\/?p=763#primaryimage"},"thumbnailUrl":"https:\/\/thaderradiofm.es\/wp-content\/uploads\/2022\/07\/Especies-protegidas-de-Murcia.-Flora.jpg","datePublished":"2022-07-26T08:51:22+00:00","dateModified":"2022-07-26T08:55:24+00:00","breadcrumb":{"@id":"https:\/\/thaderradiofm.es\/?p=763#breadcrumb"},"inLanguage":"es","potentialAction":[{"@type":"ReadAction","target":["https:\/\/thaderradiofm.es\/?p=763"]}]},{"@type":"ImageObject","inLanguage":"es","@id":"https:\/\/thaderradiofm.es\/?p=763#primaryimage","url":"https:\/\/thaderradiofm.es\/wp-content\/uploads\/2022\/07\/Especies-protegidas-de-Murcia.-Flora.jpg","contentUrl":"https:\/\/thaderradiofm.es\/wp-content\/uploads\/2022\/07\/Especies-protegidas-de-Murcia.-Flora.jpg","width":1043,"height":882},{"@type":"BreadcrumbList","@id":"https:\/\/thaderradiofm.es\/?p=763#breadcrumb","itemListElement":[{"@type":"ListItem","position":1,"name":"Portada","item":"http:\/\/thaderradiofm.es\/"},{"@type":"ListItem","position":2,"name":"Flora de la Regi\u00f3n de Murcia"}]},{"@type":"WebSite","@id":"http:\/\/thaderradiofm.es\/#website","url":"http:\/\/thaderradiofm.es\/","name":"Thader Radio FM","description":"La Radio en Espa\u00f1ol","publisher":{"@id":"http:\/\/thaderradiofm.es\/#organization"},"potentialAction":[{"@type":"SearchAction","target":{"@type":"EntryPoint","urlTemplate":"http:\/\/thaderradiofm.es\/?s={search_term_string}"},"query-input":{"@type":"PropertyValueSpecification","valueRequired":true,"valueName":"search_term_string"}}],"inLanguage":"es"},{"@type":"Organization","@id":"http:\/\/thaderradiofm.es\/#organization","name":"Thader Radio FM","url":"http:\/\/thaderradiofm.es\/","logo":{"@type":"ImageObject","inLanguage":"es","@id":"http:\/\/thaderradiofm.es\/#\/schema\/logo\/image\/","url":"https:\/\/thaderradiofm.es\/wp-content\/uploads\/2023\/02\/cropped-THADER-RADIO.jpg","contentUrl":"https:\/\/thaderradiofm.es\/wp-content\/uploads\/2023\/02\/cropped-THADER-RADIO.jpg","width":514,"height":385,"caption":"Thader Radio FM"},"image":{"@id":"http:\/\/thaderradiofm.es\/#\/schema\/logo\/image\/"}},{"@type":"Person","@id":"http:\/\/thaderradiofm.es\/#\/schema\/person\/83fa03919671b30d343eb51bf18a9e2f","name":"ThaderRadioFM","image":{"@type":"ImageObject","inLanguage":"es","@id":"http:\/\/thaderradiofm.es\/#\/schema\/person\/image\/","url":"https:\/\/secure.gravatar.com\/avatar\/2050f79275a4ad7fd9fd0007b778bf26a99a1fbb55d365236b72b07b4779d82c?s=96&d=mm&r=g","contentUrl":"https:\/\/secure.gravatar.com\/avatar\/2050f79275a4ad7fd9fd0007b778bf26a99a1fbb55d365236b72b07b4779d82c?s=96&d=mm&r=g","caption":"ThaderRadioFM"},"url":"https:\/\/thaderradiofm.es\/?author=2"}]}},"_links":{"self":[{"href":"https:\/\/thaderradiofm.es\/index.php?rest_route=\/wp\/v2\/posts\/763","targetHints":{"allow":["GET"]}}],"collection":[{"href":"https:\/\/thaderradiofm.es\/index.php?rest_route=\/wp\/v2\/posts"}],"about":[{"href":"https:\/\/thaderradiofm.es\/index.php?rest_route=\/wp\/v2\/types\/post"}],"author":[{"embeddable":true,"href":"https:\/\/thaderradiofm.es\/index.php?rest_route=\/wp\/v2\/users\/2"}],"replies":[{"embeddable":true,"href":"https:\/\/thaderradiofm.es\/index.php?rest_route=%2Fwp%2Fv2%2Fcomments&post=763"}],"version-history":[{"count":2,"href":"https:\/\/thaderradiofm.es\/index.php?rest_route=\/wp\/v2\/posts\/763\/revisions"}],"predecessor-version":[{"id":765,"href":"https:\/\/thaderradiofm.es\/index.php?rest_route=\/wp\/v2\/posts\/763\/revisions\/765"}],"wp:featuredmedia":[{"embeddable":true,"href":"https:\/\/thaderradiofm.es\/index.php?rest_route=\/wp\/v2\/media\/766"}],"wp:attachment":[{"href":"https:\/\/thaderradiofm.es\/index.php?rest_route=%2Fwp%2Fv2%2Fmedia&parent=763"}],"wp:term":[{"taxonomy":"category","embeddable":true,"href":"https:\/\/thaderradiofm.es\/index.php?rest_route=%2Fwp%2Fv2%2Fcategories&post=763"},{"taxonomy":"post_tag","embeddable":true,"href":"https:\/\/thaderradiofm.es\/index.php?rest_route=%2Fwp%2Fv2%2Ftags&post=763"}],"curies":[{"name":"wp","href":"https:\/\/api.w.org\/{rel}","templated":true}]}}