{"id":75,"date":"2014-02-26T14:16:35","date_gmt":"2014-02-26T14:16:35","guid":{"rendered":"http:\/\/localhost\/meg\/?p=75"},"modified":"2020-09-21T07:43:32","modified_gmt":"2020-09-21T07:43:32","slug":"make-coca-cola-for-gift-in-this-new-year","status":"publish","type":"post","link":"https:\/\/thaderradiofm.es\/?p=75","title":{"rendered":"La CROEM prev\u00e9 una contracci\u00f3n econ\u00f3mica en la Regi\u00f3n de Murcia"},"content":{"rendered":"<p>La Confederaci\u00f3n Regional de Organizaciones Empresariales de Murcia (<a href=\"https:\/\/www.laopiniondemurcia.es\/tags\/croem.html\"><strong>Croem<\/strong><\/a>) prev\u00e9 una contracci\u00f3n econ\u00f3mica en la Regi\u00f3n de Murcia para 2020, con un descenso del PIB de entre el 4,1 y el 8,3%, una vez que la econom\u00eda regional se contrajo el primer trimestre del a\u00f1o un 4% interanual y un 5,1% respecto al \u00faltimo trimestre de 2019 a causa de la pandemia del Covid-19.<\/p>\n<p>As\u00ed consta en el bolet\u00edn de coyuntura econ\u00f3mica del primer trimestre, en el que la&nbsp;<a href=\"https:\/\/www.laopiniondemurcia.es\/tags\/patronal.html\"><strong>patronal<\/strong><\/a>&nbsp;regional aclar\u00f3 que la conjunci\u00f3n de algunos factores podr\u00eda propiciar una recuperaci\u00f3n r\u00e1pida, \u00absi bien depender\u00e1 entre otras cuestiones del nivel final de propagaci\u00f3n de la epidemia, de la duraci\u00f3n de las restricciones de actividad y de las medidas de ayuda que se adopten\u00bb.<\/p>\n<p>Croem apunt\u00f3 que la contracci\u00f3n trimestral ronda el 5%, una ca\u00edda que por su rapidez y profundidad tiene \u00abpocos precedentes\u00bb y equivale a concentrar en unas pocas semanas p\u00e9rdidas similares a las acumuladas en la gran recesi\u00f3n durante cuatro a\u00f1os.<\/p>\n<p>En este \u00abhundimiento\u00bb, la actividad terciaria, construcci\u00f3n y algunas industrias se han llevado la \u00abpeor parte\u00bb, seg\u00fan los empresarios, que han reclamado revertir esta \u00abcat\u00e1strofe\u00bb con medidas de \u00abmagnitud desconocidas\u00bb, una \u00abefectiva\u00bb coordinaci\u00f3n entre Administraciones, y un \u00abpermanente\u00bb di\u00e1logo social.<\/p>\n<p>Estas medidas, deber\u00edan orientarse, en un primer momento y durante el tiempo \u00abque sea preciso\u00bb, a garantizar la liquidez de empresas y el mantenimiento del <a href=\"https:\/\/www.laopiniondemurcia.es\/tags\/empleo-en-murcia.html\"><strong>empleo<\/strong><\/a>, y despu\u00e9s a consolidar la confianza de los agentes y facilitar la recuperaci\u00f3n.<\/p>\n<p>\u00abProteger a las empresas en estos momentos tiene que ser prioritario para nuestros gobernantes ya que esa protecci\u00f3n significa mantenimiento y creaci\u00f3n de emple\u00bb, a\u00f1adi\u00f3 la patronal, antes de reclamar medidas \u00abcontundentes\u00bb como aplazar impuestos tales como el IRPF, Impuestos de Sociedades, retenciones e IVA.<\/p>\n","protected":false},"excerpt":{"rendered":"<p>La Confederaci\u00f3n Regional de Organizaciones Empresariales de Murcia (Croem) prev\u00e9 una contracci\u00f3n econ\u00f3mica en la Regi\u00f3n de Murcia para 2020, con un descenso del PIB de entre el 4,1 y &hellip; <a href=\"https:\/\/thaderradiofm.es\/?p=75\" class=\"more-link\">Leer m\u00e1s<\/a><\/p>\n","protected":false},"author":1,"featured_media":562,"comment_status":"open","ping_status":"open","sticky":false,"template":"","format":"standard","meta":{"footnotes":""},"categories":[6],"tags":[],"class_list":["post-75","post","type-post","status-publish","format-standard","has-post-thumbnail","hentry","category-actualidad","entry"],"yoast_head":"<!-- This site is optimized with the Yoast SEO plugin v23.9 - https:\/\/yoast.com\/wordpress\/plugins\/seo\/ -->\n<title>La CROEM prev\u00e9 una contracci\u00f3n econ\u00f3mica en la Regi\u00f3n de Murcia - Thader Radio FM<\/title>\n<meta name=\"robots\" content=\"index, follow, max-snippet:-1, max-image-preview:large, max-video-preview:-1\" \/>\n<link rel=\"canonical\" href=\"http:\/\/thaderradiofm.es\/?p=75\" \/>\n<meta property=\"og:locale\" content=\"es_ES\" \/>\n<meta property=\"og:type\" content=\"article\" \/>\n<meta property=\"og:title\" content=\"La CROEM prev\u00e9 una contracci\u00f3n econ\u00f3mica en la Regi\u00f3n de Murcia - Thader Radio FM\" \/>\n<meta property=\"og:description\" content=\"La Confederaci\u00f3n Regional de Organizaciones Empresariales de Murcia (Croem) prev\u00e9 una contracci\u00f3n econ\u00f3mica en la Regi\u00f3n de Murcia para 2020, con un descenso del PIB de entre el 4,1 y &hellip; Leer m\u00e1s\" \/>\n<meta property=\"og:url\" content=\"http:\/\/thaderradiofm.es\/?p=75\" \/>\n<meta property=\"og:site_name\" content=\"Thader Radio FM\" \/>\n<meta property=\"article:published_time\" content=\"2014-02-26T14:16:35+00:00\" \/>\n<meta property=\"article:modified_time\" content=\"2020-09-21T07:43:32+00:00\" \/>\n<meta property=\"og:image\" content=\"http:\/\/thaderradiofm.es\/wp-content\/uploads\/2014\/02\/unnamed.jpg\" \/>\n\t<meta property=\"og:image:width\" content=\"512\" \/>\n\t<meta property=\"og:image:height\" content=\"229\" \/>\n\t<meta property=\"og:image:type\" content=\"image\/jpeg\" \/>\n<meta name=\"author\" content=\"admin\" \/>\n<meta name=\"twitter:card\" content=\"summary_large_image\" \/>\n<meta name=\"twitter:label1\" content=\"Escrito por\" \/>\n\t<meta name=\"twitter:data1\" content=\"admin\" \/>\n\t<meta name=\"twitter:label2\" content=\"Tiempo de lectura\" \/>\n\t<meta name=\"twitter:data2\" content=\"2 minutos\" \/>\n<script type=\"application\/ld+json\" class=\"yoast-schema-graph\">{\"@context\":\"https:\/\/schema.org\",\"@graph\":[{\"@type\":\"Article\",\"@id\":\"http:\/\/thaderradiofm.es\/?p=75#article\",\"isPartOf\":{\"@id\":\"http:\/\/thaderradiofm.es\/?p=75\"},\"author\":{\"name\":\"admin\",\"@id\":\"http:\/\/thaderradiofm.es\/#\/schema\/person\/c5f6f440ee7e91858a82e56a7795370f\"},\"headline\":\"La CROEM prev\u00e9 una contracci\u00f3n econ\u00f3mica en la Regi\u00f3n de Murcia\",\"datePublished\":\"2014-02-26T14:16:35+00:00\",\"dateModified\":\"2020-09-21T07:43:32+00:00\",\"mainEntityOfPage\":{\"@id\":\"http:\/\/thaderradiofm.es\/?p=75\"},\"wordCount\":327,\"commentCount\":0,\"publisher\":{\"@id\":\"http:\/\/thaderradiofm.es\/#organization\"},\"image\":{\"@id\":\"http:\/\/thaderradiofm.es\/?p=75#primaryimage\"},\"thumbnailUrl\":\"https:\/\/thaderradiofm.es\/wp-content\/uploads\/2014\/02\/unnamed.jpg\",\"articleSection\":[\"Actualidad\"],\"inLanguage\":\"es\",\"potentialAction\":[{\"@type\":\"CommentAction\",\"name\":\"Comment\",\"target\":[\"http:\/\/thaderradiofm.es\/?p=75#respond\"]}]},{\"@type\":\"WebPage\",\"@id\":\"http:\/\/thaderradiofm.es\/?p=75\",\"url\":\"http:\/\/thaderradiofm.es\/?p=75\",\"name\":\"La CROEM prev\u00e9 una contracci\u00f3n econ\u00f3mica en la Regi\u00f3n de Murcia - Thader Radio FM\",\"isPartOf\":{\"@id\":\"http:\/\/thaderradiofm.es\/#website\"},\"primaryImageOfPage\":{\"@id\":\"http:\/\/thaderradiofm.es\/?p=75#primaryimage\"},\"image\":{\"@id\":\"http:\/\/thaderradiofm.es\/?p=75#primaryimage\"},\"thumbnailUrl\":\"https:\/\/thaderradiofm.es\/wp-content\/uploads\/2014\/02\/unnamed.jpg\",\"datePublished\":\"2014-02-26T14:16:35+00:00\",\"dateModified\":\"2020-09-21T07:43:32+00:00\",\"breadcrumb\":{\"@id\":\"http:\/\/thaderradiofm.es\/?p=75#breadcrumb\"},\"inLanguage\":\"es\",\"potentialAction\":[{\"@type\":\"ReadAction\",\"target\":[\"http:\/\/thaderradiofm.es\/?p=75\"]}]},{\"@type\":\"ImageObject\",\"inLanguage\":\"es\",\"@id\":\"http:\/\/thaderradiofm.es\/?p=75#primaryimage\",\"url\":\"https:\/\/thaderradiofm.es\/wp-content\/uploads\/2014\/02\/unnamed.jpg\",\"contentUrl\":\"https:\/\/thaderradiofm.es\/wp-content\/uploads\/2014\/02\/unnamed.jpg\",\"width\":512,\"height\":229},{\"@type\":\"BreadcrumbList\",\"@id\":\"http:\/\/thaderradiofm.es\/?p=75#breadcrumb\",\"itemListElement\":[{\"@type\":\"ListItem\",\"position\":1,\"name\":\"Portada\",\"item\":\"http:\/\/thaderradiofm.es\/\"},{\"@type\":\"ListItem\",\"position\":2,\"name\":\"La CROEM prev\u00e9 una contracci\u00f3n econ\u00f3mica en la Regi\u00f3n de Murcia\"}]},{\"@type\":\"WebSite\",\"@id\":\"http:\/\/thaderradiofm.es\/#website\",\"url\":\"http:\/\/thaderradiofm.es\/\",\"name\":\"Thader Radio FM\",\"description\":\"La Radio en Espa\u00f1ol\",\"publisher\":{\"@id\":\"http:\/\/thaderradiofm.es\/#organization\"},\"potentialAction\":[{\"@type\":\"SearchAction\",\"target\":{\"@type\":\"EntryPoint\",\"urlTemplate\":\"http:\/\/thaderradiofm.es\/?s={search_term_string}\"},\"query-input\":{\"@type\":\"PropertyValueSpecification\",\"valueRequired\":true,\"valueName\":\"search_term_string\"}}],\"inLanguage\":\"es\"},{\"@type\":\"Organization\",\"@id\":\"http:\/\/thaderradiofm.es\/#organization\",\"name\":\"Thader Radio FM\",\"url\":\"http:\/\/thaderradiofm.es\/\",\"logo\":{\"@type\":\"ImageObject\",\"inLanguage\":\"es\",\"@id\":\"http:\/\/thaderradiofm.es\/#\/schema\/logo\/image\/\",\"url\":\"https:\/\/thaderradiofm.es\/wp-content\/uploads\/2023\/02\/cropped-THADER-RADIO.jpg\",\"contentUrl\":\"https:\/\/thaderradiofm.es\/wp-content\/uploads\/2023\/02\/cropped-THADER-RADIO.jpg\",\"width\":514,\"height\":385,\"caption\":\"Thader Radio FM\"},\"image\":{\"@id\":\"http:\/\/thaderradiofm.es\/#\/schema\/logo\/image\/\"}},{\"@type\":\"Person\",\"@id\":\"http:\/\/thaderradiofm.es\/#\/schema\/person\/c5f6f440ee7e91858a82e56a7795370f\",\"name\":\"admin\",\"image\":{\"@type\":\"ImageObject\",\"inLanguage\":\"es\",\"@id\":\"http:\/\/thaderradiofm.es\/#\/schema\/person\/image\/\",\"url\":\"https:\/\/secure.gravatar.com\/avatar\/efc74c7514f8ff7a0537a92b6da6e8e217be29ae0f00aee634f803567b2e8eff?s=96&d=mm&r=g\",\"contentUrl\":\"https:\/\/secure.gravatar.com\/avatar\/efc74c7514f8ff7a0537a92b6da6e8e217be29ae0f00aee634f803567b2e8eff?s=96&d=mm&r=g\",\"caption\":\"admin\"},\"url\":\"https:\/\/thaderradiofm.es\/?author=1\"}]}<\/script>\n<!-- \/ Yoast SEO plugin. -->","yoast_head_json":{"title":"La CROEM prev\u00e9 una contracci\u00f3n econ\u00f3mica en la Regi\u00f3n de Murcia - Thader Radio FM","robots":{"index":"index","follow":"follow","max-snippet":"max-snippet:-1","max-image-preview":"max-image-preview:large","max-video-preview":"max-video-preview:-1"},"canonical":"http:\/\/thaderradiofm.es\/?p=75","og_locale":"es_ES","og_type":"article","og_title":"La CROEM prev\u00e9 una contracci\u00f3n econ\u00f3mica en la Regi\u00f3n de Murcia - Thader Radio FM","og_description":"La Confederaci\u00f3n Regional de Organizaciones Empresariales de Murcia (Croem) prev\u00e9 una contracci\u00f3n econ\u00f3mica en la Regi\u00f3n de Murcia para 2020, con un descenso del PIB de entre el 4,1 y &hellip; Leer m\u00e1s","og_url":"http:\/\/thaderradiofm.es\/?p=75","og_site_name":"Thader Radio FM","article_published_time":"2014-02-26T14:16:35+00:00","article_modified_time":"2020-09-21T07:43:32+00:00","og_image":[{"width":512,"height":229,"url":"http:\/\/thaderradiofm.es\/wp-content\/uploads\/2014\/02\/unnamed.jpg","type":"image\/jpeg"}],"author":"admin","twitter_card":"summary_large_image","twitter_misc":{"Escrito por":"admin","Tiempo de lectura":"2 minutos"},"schema":{"@context":"https:\/\/schema.org","@graph":[{"@type":"Article","@id":"http:\/\/thaderradiofm.es\/?p=75#article","isPartOf":{"@id":"http:\/\/thaderradiofm.es\/?p=75"},"author":{"name":"admin","@id":"http:\/\/thaderradiofm.es\/#\/schema\/person\/c5f6f440ee7e91858a82e56a7795370f"},"headline":"La CROEM prev\u00e9 una contracci\u00f3n econ\u00f3mica en la Regi\u00f3n de Murcia","datePublished":"2014-02-26T14:16:35+00:00","dateModified":"2020-09-21T07:43:32+00:00","mainEntityOfPage":{"@id":"http:\/\/thaderradiofm.es\/?p=75"},"wordCount":327,"commentCount":0,"publisher":{"@id":"http:\/\/thaderradiofm.es\/#organization"},"image":{"@id":"http:\/\/thaderradiofm.es\/?p=75#primaryimage"},"thumbnailUrl":"https:\/\/thaderradiofm.es\/wp-content\/uploads\/2014\/02\/unnamed.jpg","articleSection":["Actualidad"],"inLanguage":"es","potentialAction":[{"@type":"CommentAction","name":"Comment","target":["http:\/\/thaderradiofm.es\/?p=75#respond"]}]},{"@type":"WebPage","@id":"http:\/\/thaderradiofm.es\/?p=75","url":"http:\/\/thaderradiofm.es\/?p=75","name":"La CROEM prev\u00e9 una contracci\u00f3n econ\u00f3mica en la Regi\u00f3n de Murcia - Thader Radio FM","isPartOf":{"@id":"http:\/\/thaderradiofm.es\/#website"},"primaryImageOfPage":{"@id":"http:\/\/thaderradiofm.es\/?p=75#primaryimage"},"image":{"@id":"http:\/\/thaderradiofm.es\/?p=75#primaryimage"},"thumbnailUrl":"https:\/\/thaderradiofm.es\/wp-content\/uploads\/2014\/02\/unnamed.jpg","datePublished":"2014-02-26T14:16:35+00:00","dateModified":"2020-09-21T07:43:32+00:00","breadcrumb":{"@id":"http:\/\/thaderradiofm.es\/?p=75#breadcrumb"},"inLanguage":"es","potentialAction":[{"@type":"ReadAction","target":["http:\/\/thaderradiofm.es\/?p=75"]}]},{"@type":"ImageObject","inLanguage":"es","@id":"http:\/\/thaderradiofm.es\/?p=75#primaryimage","url":"https:\/\/thaderradiofm.es\/wp-content\/uploads\/2014\/02\/unnamed.jpg","contentUrl":"https:\/\/thaderradiofm.es\/wp-content\/uploads\/2014\/02\/unnamed.jpg","width":512,"height":229},{"@type":"BreadcrumbList","@id":"http:\/\/thaderradiofm.es\/?p=75#breadcrumb","itemListElement":[{"@type":"ListItem","position":1,"name":"Portada","item":"http:\/\/thaderradiofm.es\/"},{"@type":"ListItem","position":2,"name":"La CROEM prev\u00e9 una contracci\u00f3n econ\u00f3mica en la Regi\u00f3n de Murcia"}]},{"@type":"WebSite","@id":"http:\/\/thaderradiofm.es\/#website","url":"http:\/\/thaderradiofm.es\/","name":"Thader Radio FM","description":"La Radio en Espa\u00f1ol","publisher":{"@id":"http:\/\/thaderradiofm.es\/#organization"},"potentialAction":[{"@type":"SearchAction","target":{"@type":"EntryPoint","urlTemplate":"http:\/\/thaderradiofm.es\/?s={search_term_string}"},"query-input":{"@type":"PropertyValueSpecification","valueRequired":true,"valueName":"search_term_string"}}],"inLanguage":"es"},{"@type":"Organization","@id":"http:\/\/thaderradiofm.es\/#organization","name":"Thader Radio FM","url":"http:\/\/thaderradiofm.es\/","logo":{"@type":"ImageObject","inLanguage":"es","@id":"http:\/\/thaderradiofm.es\/#\/schema\/logo\/image\/","url":"https:\/\/thaderradiofm.es\/wp-content\/uploads\/2023\/02\/cropped-THADER-RADIO.jpg","contentUrl":"https:\/\/thaderradiofm.es\/wp-content\/uploads\/2023\/02\/cropped-THADER-RADIO.jpg","width":514,"height":385,"caption":"Thader Radio FM"},"image":{"@id":"http:\/\/thaderradiofm.es\/#\/schema\/logo\/image\/"}},{"@type":"Person","@id":"http:\/\/thaderradiofm.es\/#\/schema\/person\/c5f6f440ee7e91858a82e56a7795370f","name":"admin","image":{"@type":"ImageObject","inLanguage":"es","@id":"http:\/\/thaderradiofm.es\/#\/schema\/person\/image\/","url":"https:\/\/secure.gravatar.com\/avatar\/efc74c7514f8ff7a0537a92b6da6e8e217be29ae0f00aee634f803567b2e8eff?s=96&d=mm&r=g","contentUrl":"https:\/\/secure.gravatar.com\/avatar\/efc74c7514f8ff7a0537a92b6da6e8e217be29ae0f00aee634f803567b2e8eff?s=96&d=mm&r=g","caption":"admin"},"url":"https:\/\/thaderradiofm.es\/?author=1"}]}},"_links":{"self":[{"href":"https:\/\/thaderradiofm.es\/index.php?rest_route=\/wp\/v2\/posts\/75","targetHints":{"allow":["GET"]}}],"collection":[{"href":"https:\/\/thaderradiofm.es\/index.php?rest_route=\/wp\/v2\/posts"}],"about":[{"href":"https:\/\/thaderradiofm.es\/index.php?rest_route=\/wp\/v2\/types\/post"}],"author":[{"embeddable":true,"href":"https:\/\/thaderradiofm.es\/index.php?rest_route=\/wp\/v2\/users\/1"}],"replies":[{"embeddable":true,"href":"https:\/\/thaderradiofm.es\/index.php?rest_route=%2Fwp%2Fv2%2Fcomments&post=75"}],"version-history":[{"count":5,"href":"https:\/\/thaderradiofm.es\/index.php?rest_route=\/wp\/v2\/posts\/75\/revisions"}],"predecessor-version":[{"id":609,"href":"https:\/\/thaderradiofm.es\/index.php?rest_route=\/wp\/v2\/posts\/75\/revisions\/609"}],"wp:featuredmedia":[{"embeddable":true,"href":"https:\/\/thaderradiofm.es\/index.php?rest_route=\/wp\/v2\/media\/562"}],"wp:attachment":[{"href":"https:\/\/thaderradiofm.es\/index.php?rest_route=%2Fwp%2Fv2%2Fmedia&parent=75"}],"wp:term":[{"taxonomy":"category","embeddable":true,"href":"https:\/\/thaderradiofm.es\/index.php?rest_route=%2Fwp%2Fv2%2Fcategories&post=75"},{"taxonomy":"post_tag","embeddable":true,"href":"https:\/\/thaderradiofm.es\/index.php?rest_route=%2Fwp%2Fv2%2Ftags&post=75"}],"curies":[{"name":"wp","href":"https:\/\/api.w.org\/{rel}","templated":true}]}}