{"id":749,"date":"2022-07-25T08:21:38","date_gmt":"2022-07-25T08:21:38","guid":{"rendered":"http:\/\/thaderradiofm.es\/?p=749"},"modified":"2022-07-25T08:32:14","modified_gmt":"2022-07-25T08:32:14","slug":"fauna-de-la-region-de-murcia","status":"publish","type":"post","link":"https:\/\/thaderradiofm.es\/?p=749","title":{"rendered":"Fauna de la Regi\u00f3n de Murcia"},"content":{"rendered":"\n<p><strong>Mam\u00edferos<\/strong><\/p>\n\n\n\n<p>&nbsp; Destaca la presencia en nuestros r\u00edos, pese a todas las amenazas, directas e indirectas que \u00e9stos sufren, de la Nutria, que aunque ha sufrido una terrible regresi\u00f3n en los \u00faltimos a\u00f1os, a\u00fan se mantiene en algunos tramos que conservan su original bosque de ribera.<\/p>\n\n\n\n<p>&nbsp;&nbsp;&nbsp;&nbsp; En nuestras sierras, de peque\u00f1os carn\u00edvoros de inestimable importancia para la salud de nuestros ecosistemas, como el Gato Mont\u00e9s, la Gineta, la Gardu\u00f1a, el Hur\u00f3n, la Comadreja, o las citas habidas de Lince Ib\u00e9rico, el felino m\u00e1s amenazado del mundo. O grandes mam\u00edferos, como la aut\u00f3ctona Cabra Mont\u00e9s, que ronda las sierras del Noroeste, junto con el Corzo, especie escasa, consideradas cineg\u00e9ticas; junto al Jabal\u00ed o el Zorro; en contraposici\u00f3n, la presencia impuesta del Mufl\u00f3n del Atlas o Arru\u00ed que se cr\u00eda en&nbsp;<a href=\"https:\/\/www.regmurcia.com\/servlet\/s.Sl?sit=c,365&amp;r=ReP-3294-DETALLE_REPORTAJESPADRE\"><strong>Sierra Espu\u00f1a<\/strong><\/a>&nbsp;y se extiende al resto de la regi\u00f3n.<\/p>\n\n\n\n<figure class=\"wp-block-image\"><img decoding=\"async\" src=\"https:\/\/imagenes.elpais.com\/resizer\/Vxr8XV89a_a3fP5yqXutAkL84Xg=\/1960x1470\/filters:focal(586x202:596x212)\/cloudfront-eu-central-1.images.arcpublishing.com\/prisa\/6J22SKRAL5AB5EG526R4YHHOAU.jpg\" alt=\"El rastro salvaje del gato mont\u00e9s | Catalu\u00f1a | EL PA\u00cdS\"\/><\/figure>\n\n\n\n<p><strong>Mam\u00edferos humildes y casi invisibles<\/strong><\/p>\n\n\n\n<p>&nbsp;&nbsp;&nbsp;&nbsp; Otros mam\u00edferos, quiz\u00e1s de&nbsp;<em>linaje<\/em>&nbsp;m\u00e1s humilde, y en ocasiones poco considerados por nosotros, desempe\u00f1an un papel fundamental en los ecosistemas mediterr\u00e1neos, como el Conejo, la Liebre, o los Micromam\u00edferos (ratones, ardillas, topos, musara\u00f1as, lirones&#8230;), verdaderos motores de la base ecol\u00f3gica de los mismos, junto a los reptiles, sin los que el resto de grandes rapaces y carn\u00edvoros, sucumbir\u00edan.<\/p>\n\n\n\n<p>&nbsp;&nbsp;&nbsp;&nbsp; Hay otros mam\u00edferos m\u00e1s, casi invisibles por tener su actividad m\u00e1xima por la noche, que componen un grupo numeroso, casi todos ellos con alg\u00fan grado de amenaza m\u00e1s o menos grave a su existencia. Sus costumbres, que incluyen hibernar en grupo, utilizando cuevas y refugios de diferente naturaleza, los hacen muy vulnerables a alteraciones.<\/p>\n\n\n\n<p><strong>Mam\u00edferos Marinos<\/strong><\/p>\n\n\n\n<p>&nbsp;&nbsp;&nbsp;&nbsp; Y ya en el mar, otro grupo, \u00e9ste m\u00e1s querido, quiz\u00e1s por su proximidad a nosotros en la escala evolutiva, el de los Cet\u00e1ceos, que son los mam\u00edferos marinos. Tiene establecidas en el litoral murciano, y andaluz, poblaciones de distintas especies de delfines, como el Delf\u00edn Mular, el Delf\u00edn Listado y el Delf\u00edn Com\u00fan; o de los Calderones Com\u00fan y Gris, que son unos delfines&nbsp;<em>chatos<\/em>. Y tambi\u00e9n se han avistado, y fotografiado, inmensos Rorcuales, y enormes Cachalotes, pero su presencia es m\u00e1s ocasional.<\/p>\n\n\n\n<p>&nbsp;&nbsp;&nbsp;&nbsp; En la actualidad se est\u00e1 realizando un exhaustivo estudio de los cet\u00e1ceos, enmarcado desde 2002 en un Proyecto Life de \u00abConservaci\u00f3n de cet\u00e1ceos y tortugas\u00bb de Murcia y Almer\u00eda, y cuyos trabajos de monitorizaci\u00f3n de las costas murcianas se est\u00e1n llevando a cabo desde el velero Else, de la organizaci\u00f3n ANSE, adem\u00e1s de otras tareas de educaci\u00f3n ambiental con escolares, en el marco de un convenio con la Consejer\u00eda de Educaci\u00f3n y Cultura.<\/p>\n\n\n\n<figure class=\"wp-block-image\"><img decoding=\"async\" src=\"https:\/\/upload.wikimedia.org\/wikipedia\/commons\/thumb\/1\/10\/Tursiops_truncatus_01.jpg\/640px-Tursiops_truncatus_01.jpg\" alt=\"Delphinidae - Wikipedia, la enciclopedia libre\"\/><\/figure>\n\n\n\n<p><strong>Aves<\/strong><\/p>\n\n\n\n<p><strong>Marinas<\/strong><\/p>\n\n\n\n<p>&nbsp;&nbsp;&nbsp; Entre las aves marinas, se\u00f1alar la presencia de la Gaviota de Audouin, la Pardela Cenicienta, el Pa\u00ed\u00f1o del Mediterr\u00e1neo o el Cormor\u00e1n Mo\u00f1udo, todas ellas consideradas en alguna categor\u00eda de amenaza, algunas a escala mundial, y que encuentran en nuestro litoral y sus islas un buen refugio para instalar sus colonias de cr\u00eda.<\/p>\n\n\n\n<figure class=\"wp-block-image\"><img decoding=\"async\" src=\"https:\/\/cdn.download.ams.birds.cornell.edu\/api\/v1\/asset\/85982561\/1800\" alt=\"Gaviota de Audouin - eBird\"\/><\/figure>\n\n\n\n<p><strong>Forestales y Rup\u00edcolas<\/strong><\/p>\n\n\n\n<p>&nbsp;&nbsp;&nbsp; De las aves forestales y rup\u00edcolas, el grupo de las rapaces es el m\u00e1s llamativo, por su envergadura y su leyenda, adem\u00e1s de ser uno de los m\u00e1s amenazados. Destacan el \u00c1guila-azor Perdicera, el \u00c1guila Real, la Culebrera Europea, el Aguililla Calzada, &#8216; el Buitre Leonado, o el Halc\u00f3n Peregrino. Sin olvidar las rapaces nocturnas como el C\u00e1rabo, el B\u00faho Chico, el B\u00faho Real o la Lechuza Campestre.<\/p>\n\n\n\n<figure class=\"wp-block-image\"><img decoding=\"async\" src=\"https:\/\/hablemosdeaves.com\/wp-content\/uploads\/2018\/08\/Buho-Campestre1.jpg\" alt=\"Descubre todo sobre el buho campestre, un eficiente cazador\"\/><\/figure>\n\n\n\n<p><strong>Acu\u00e1ticas<\/strong><\/p>\n\n\n\n<p>&nbsp;&nbsp;&nbsp; Entre las aves acu\u00e1ticas, resaltar al grupo de los Lim\u00edcolas, que andan siempre por las orillas de limo buscando alimento con sus finos y sensibles picos, y sus largas patas: Cig\u00fce\u00f1uelas, Avocetas, Chorlitejo Patinegro, Agujas, Andarr\u00edos, Chorlitos, Zarapitos, Combatientes, Vuelvepiedras, Archibebes, Flamencos o el grupo de las Golondrinas de mar, entre las que sobresalen los Charranes y Charrancitos, los Fumareles o las Pagazas. De los patos, resaltar el Tarro Blanco, la Cerceta Pardilla, la Serreta Mediana, o la reciente incorporaci\u00f3n de la Malvas\u00eda.<\/p>\n\n\n\n<p><strong>Palustres<\/strong><\/p>\n\n\n\n<p>&nbsp;&nbsp;&nbsp; De las palustres, es el grupo de las Ardeidas, las garzas, el m\u00e1s amenazado: Garza Real, Garza Imperial, Garceta Com\u00fan, Garcillas Bueyera y Cangrejera, Martinetes, Avetorillos.<\/p>\n\n\n\n<p><strong>Esteparias<\/strong><\/p>\n\n\n\n<p>&nbsp;&nbsp;&nbsp; En cuanto a las esteparias, la Avutarda, el Sis\u00f3n, la Ganga Ortega o el Alcarav\u00e1n, son las m\u00e1s visibles de una comunidad orn\u00edtica que se camufla en este ambiente tan expuesto.<\/p>\n\n\n\n<p>&nbsp;&nbsp;&nbsp; No son tan conspicuas las Terreras, las Bisbitas, las Cogujadas, la Curruca Tomillera, las Collalbas, Alondra de Dupont o las mismas Calandrias, salvo en \u00e9poca de reproducci\u00f3n, en que despliegan todo un abanico de potentes y variados cantos. Sin olvidar al Cern\u00edcalo Primilla, inquilino de los cortijos diseminados por nuestras zonas esteparias.<\/p>\n\n\n\n<p><strong>Fring\u00edlidos<\/strong><\/p>\n\n\n\n<p>&nbsp;&nbsp;&nbsp; Pero el grupo m\u00e1s numeroso, colorista, y quiz\u00e1s m\u00e1s cercano a nosotros, sea el de los Fring\u00edlidos. Nombres vern\u00e1culos como Merla, Cavernera o Color\u00edn, Chichip\u00e1n o Guerrero, Gafarrilla, Verdolor, Cagaestacas, Alfalfero, Enga\u00f1apastores, est\u00e1n muy unidos a la cultura popular murciana, y se\u00f1alan a especies como el Mirlo, Jilguero, Carbonero, Verdecillo, Verder\u00f3n, Alcaud\u00f3n, Tarabilla, Chotacabras, aves en estrecho contacto con el paisanaje hasta hace muy pocos a\u00f1os.<\/p>\n\n\n\n<figure class=\"wp-block-image\"><img decoding=\"async\" src=\"https:\/\/estaticos-cdn.prensaiberica.es\/clip\/c7d69116-d229-4e8d-9678-7bae5c1941d9_16-9-discover-aspect-ratio_default_1109760.jpg\" alt=\"CARDUELIS CARDUELIS | El jilguero: todo lo que debes saber si quieres tener  jilgueros en casa\"\/><\/figure>\n\n\n\n<p>En la actualidad, la distancia entre estas especies y nosotros ha aumentado tanto, y los ni\u00f1os de hoy, en las ciudades, se les ha educado tan poco en este sentido, que ni siquiera tienen inter\u00e9s en buscar nidos en los \u00e1rboles m\u00e1s pr\u00f3ximos durante la primavera. Lo que no permite que valoren adecuadamente a las especies con las que conviven a diario. M\u00e1s dif\u00edcil a\u00fan es que valoren las que resultan extra\u00f1as. A poco que uno se fije, o se detenga a escuchar, detectar\u00e1 el canto de muchas de ellas, adornando las calles y jardines de nuestras ciudades y pueblos.<\/p>\n\n\n\n<p><strong>Anfibios<\/strong><\/p>\n\n\n\n<p>&nbsp;La reciente descripci\u00f3n de cuatro nuevas especies de anfibios para el conjunto del territorio peninsular, entre las que destaca el Sapo Partero B\u00e9tico (<em>Alytes dickhilleni<\/em>), el Sapillo Moteado Ib\u00e9rico (<em>Pelodytes ibericus<\/em>), y el Sapillo Pintojo Meridional (<em>Discoglossus jeanneae<\/em>), que se separa del Sapillo Pintojo Ib\u00e9rico (<em>D. galganoi<\/em>), y los consiguientes estudios sobre la distribuci\u00f3n de \u00e9stos y otros anfibios, aportan nuevas especies y localidades a una regi\u00f3n como la de Murcia, que tiene un importante papel como l\u00edmite meridional, y frontera, en la conservaci\u00f3n de buena parte de dichas especies.<\/p>\n\n\n\n<p>&nbsp;A la adscripci\u00f3n de las mismas como presentes en la Regi\u00f3n de Murcia en algunos trabajos recientes, hay que sumar la presencia contrastada de otros anfibios, como el Sapo Partero Com\u00fan, el Sapillo Moteado, o el Sapo de Espuelas, as\u00ed como la m\u00e1s que probable extinci\u00f3n de la Ranita Meridional No se ha corroborado, pese a los esfuerzos empleados, la posible presencia de Trit\u00f3n Pigmeo, subespecie del Trit\u00f3n Jaspeado elevada a la categor\u00eda de especie. Y se ha descartado la presencia de Sapo verde.<\/p>\n\n\n\n<p>&nbsp;&nbsp;&nbsp; A\u00f1adir, por \u00faltimo, a este novedoso cat\u00e1logo de anfibios murcianos, los Anuros m\u00e1s comunes: Sapo Corredor (<em>Bufo calamita<\/em>), Sapo Com\u00fan (<em>Bufo bufo<\/em>) y Rana Verde Com\u00fan, listado que se completa con dos Urodelos, la Salamandra Com\u00fan y el Gallipato, lo que, en este momento, hace un total de 11 especies de anfibios presentes en la Regi\u00f3n de Murcia.<\/p>\n\n\n\n<figure class=\"wp-block-image\"><img decoding=\"async\" src=\"https:\/\/upload.wikimedia.org\/wikipedia\/commons\/thumb\/7\/7e\/Epidalea_calamita_02_by-dpc.jpg\/1200px-Epidalea_calamita_02_by-dpc.jpg\" alt=\"Epidalea calamita - Wikipedia, la enciclopedia libre\"\/><\/figure>\n\n\n\n<p>&nbsp;&nbsp;&nbsp; De \u00e9stas, 8 especies se distribuyen exclusivamente por la Pen\u00ednsula Ib\u00e9rica, o como mucho, hasta el sur de Francia. Otras tres las compartimos con el norte de \u00c1frica, y solamente dos tienen una distribuci\u00f3n europea.<\/p>\n\n\n\n<p>Pero esta riqueza faun\u00edstica que refleja uno de los grupos m\u00e1s utilizado como bioindicador en estudios medioambientales, el de los Anfibios, se encuentra en franco declive frente a las amenazas gen\u00e9ricas que se ciernen sobre ellos, y que en Murcia se ven particularmente acentuadas, por su clima \u00e1rido y por el exhaustivo aprovechamiento del agua. Todo ello ha provocado la desaparici\u00f3n de poblaciones enteras de algunas especies hasta hace poco bien distribuidas en Murcia, y la fragmentaci\u00f3n y aislamiento gen\u00e9tico de las restantes.<\/p>\n\n\n\n<p><strong>Reptiles<\/strong><\/p>\n\n\n\n<p>&nbsp; En la Regi\u00f3n de Murcia se pueden observar&nbsp;<strong>un total de 21 especies<\/strong>&nbsp;de reptiles, pertenecientes a 9 familias, y que vienen a enriquecer la fauna murciana. Podemos a\u00f1adir una tortuga m\u00e1s, que mantiene en nuestro litoral una poblaci\u00f3n permanente, la Tortuga Boba, aumentando as\u00ed a 22 especies.&nbsp;&nbsp;&nbsp; Entre las peculariadidades de estas especies, destaca el gran n\u00famero de reptiles que son exclusivamente ib\u00e9ricos (Lagartija cenicienta, Esliz\u00f3n Ib\u00e9rico, Culebrilla Ciega, o Culebra de Escalera); otro buen n\u00famero lo compartimos con el norte de \u00c1frica, y el resto tiene una distribuci\u00f3n circunmediterr\u00e1nea (Tortuga Mora, Salamanquesa Rosada, Salamanquesa Com\u00fan, Culebra Bastarda), lo que pone en evidencia la importancia de nuestra regi\u00f3n para los estudios biogeogr\u00e1ficos de reptiles, y la comprensi\u00f3n del vaiv\u00e9n paleogeogr\u00e1fico regional.<\/p>\n\n\n\n<p>&nbsp;&nbsp;&nbsp; Destacar, por encontrarse sujetos a alg\u00fan tipo de amenaza a escala nacional, las poblaciones de algunas culebras (de Cogulla, Ciega, de Herradura), o del Gal\u00e1pago Leproso. Y, por su reciente incorporaci\u00f3n al listado de reptiles murcianos, el Camale\u00f3n Com\u00fan (Chamaeleo chamaeleon).<\/p>\n\n\n\n<p>&nbsp;&nbsp;&nbsp; Menci\u00f3n especial merecen las poblaciones de Tortuga Mora (Testudo graeca), especie considerada en peligro a escala nacional, y uno de los elementos m\u00e1s valiosos y representativos de la biodiversidad de la Regi\u00f3n de Murcia. En el sureste ib\u00e9rico, entre Murcia y Almer\u00eda, se encuentra el grueso de sus poblaciones silvestres, las \u00fanicas consideradas aut\u00f3ctonas de Europa.<\/p>\n\n\n\n<figure class=\"wp-block-image\"><img decoding=\"async\" src=\"https:\/\/uh.gsstatic.es\/sfAttachPlugin\/881969.jpg\" alt=\"Las poblaciones de tortuga mora y mediterr\u00e1nea dejan de vivir aisladas\"\/><\/figure>\n\n\n\n<p>&nbsp;&nbsp;&nbsp; Las mayores amenazas para los reptiles son la transformaci\u00f3n y p\u00e9rdida de su h\u00e1bitat, a lo que est\u00e1 contribuyendo el incremento de la agricultura intensiva, y la presi\u00f3n humana por la intensificaci\u00f3n del turismo, la introducci\u00f3n de especies, que depredan o compiten por los recursos con las aut\u00f3ctonas, o les trasmiten enfermedades; o las que se suman a aquellos que tienen h\u00e1bitos acu\u00e1ticos, en una regi\u00f3n como Murcia.<\/p>\n\n\n\n<p>&nbsp;&nbsp;&nbsp; La exposici\u00f3n de los beneficios que suponen los ofidios para el control de roedores, y por a\u00f1adidura, para las cosechas, ir\u00edan en ese sentido. Desde aqu\u00ed queremos ayudar al conocimiento de los reptiles murcianos, y a trav\u00e9s de \u00e9ste conocimiento, intentar que t\u00fa, lector, tambi\u00e9n contribuyas a su conservaci\u00f3n cuando salgas al campo.<\/p>\n","protected":false},"excerpt":{"rendered":"<p>Mam\u00edferos &nbsp; Destaca la presencia en nuestros r\u00edos, pese a todas las amenazas, directas e indirectas que \u00e9stos sufren, de la Nutria, que aunque ha sufrido una terrible regresi\u00f3n en &hellip; <a href=\"https:\/\/thaderradiofm.es\/?p=749\" class=\"more-link\">Leer m\u00e1s<\/a><\/p>\n","protected":false},"author":2,"featured_media":751,"comment_status":"closed","ping_status":"open","sticky":false,"template":"","format":"standard","meta":{"footnotes":""},"categories":[6],"tags":[],"class_list":["post-749","post","type-post","status-publish","format-standard","has-post-thumbnail","hentry","category-actualidad","entry"],"yoast_head":"<!-- This site is optimized with the Yoast SEO plugin v23.9 - https:\/\/yoast.com\/wordpress\/plugins\/seo\/ -->\n<title>Fauna de la Regi\u00f3n de Murcia - Thader Radio FM<\/title>\n<meta name=\"robots\" content=\"index, follow, max-snippet:-1, max-image-preview:large, max-video-preview:-1\" \/>\n<link rel=\"canonical\" href=\"https:\/\/thaderradiofm.es\/?p=749\" \/>\n<meta property=\"og:locale\" content=\"es_ES\" \/>\n<meta property=\"og:type\" content=\"article\" \/>\n<meta property=\"og:title\" content=\"Fauna de la Regi\u00f3n de Murcia - Thader Radio FM\" \/>\n<meta property=\"og:description\" content=\"Mam\u00edferos &nbsp; Destaca la presencia en nuestros r\u00edos, pese a todas las amenazas, directas e indirectas que \u00e9stos sufren, de la Nutria, que aunque ha sufrido una terrible regresi\u00f3n en &hellip; Leer m\u00e1s\" \/>\n<meta property=\"og:url\" content=\"https:\/\/thaderradiofm.es\/?p=749\" \/>\n<meta property=\"og:site_name\" content=\"Thader Radio FM\" \/>\n<meta property=\"article:published_time\" content=\"2022-07-25T08:21:38+00:00\" \/>\n<meta property=\"article:modified_time\" content=\"2022-07-25T08:32:14+00:00\" \/>\n<meta property=\"og:image\" content=\"https:\/\/thaderradiofm.es\/wp-content\/uploads\/2022\/07\/fauna-region-de-murcia.jpg\" \/>\n\t<meta property=\"og:image:width\" content=\"800\" \/>\n\t<meta property=\"og:image:height\" content=\"494\" \/>\n\t<meta property=\"og:image:type\" content=\"image\/jpeg\" \/>\n<meta name=\"author\" content=\"ThaderRadioFM\" \/>\n<meta name=\"twitter:card\" content=\"summary_large_image\" \/>\n<meta name=\"twitter:label1\" content=\"Escrito por\" \/>\n\t<meta name=\"twitter:data1\" content=\"ThaderRadioFM\" \/>\n\t<meta name=\"twitter:label2\" content=\"Tiempo de lectura\" \/>\n\t<meta name=\"twitter:data2\" content=\"9 minutos\" \/>\n<script type=\"application\/ld+json\" class=\"yoast-schema-graph\">{\"@context\":\"https:\/\/schema.org\",\"@graph\":[{\"@type\":\"Article\",\"@id\":\"https:\/\/thaderradiofm.es\/?p=749#article\",\"isPartOf\":{\"@id\":\"https:\/\/thaderradiofm.es\/?p=749\"},\"author\":{\"name\":\"ThaderRadioFM\",\"@id\":\"http:\/\/thaderradiofm.es\/#\/schema\/person\/83fa03919671b30d343eb51bf18a9e2f\"},\"headline\":\"Fauna de la Regi\u00f3n de Murcia\",\"datePublished\":\"2022-07-25T08:21:38+00:00\",\"dateModified\":\"2022-07-25T08:32:14+00:00\",\"mainEntityOfPage\":{\"@id\":\"https:\/\/thaderradiofm.es\/?p=749\"},\"wordCount\":1858,\"publisher\":{\"@id\":\"http:\/\/thaderradiofm.es\/#organization\"},\"image\":{\"@id\":\"https:\/\/thaderradiofm.es\/?p=749#primaryimage\"},\"thumbnailUrl\":\"https:\/\/thaderradiofm.es\/wp-content\/uploads\/2022\/07\/fauna-region-de-murcia.jpg\",\"articleSection\":[\"Actualidad\"],\"inLanguage\":\"es\"},{\"@type\":\"WebPage\",\"@id\":\"https:\/\/thaderradiofm.es\/?p=749\",\"url\":\"https:\/\/thaderradiofm.es\/?p=749\",\"name\":\"Fauna de la Regi\u00f3n de Murcia - Thader Radio FM\",\"isPartOf\":{\"@id\":\"http:\/\/thaderradiofm.es\/#website\"},\"primaryImageOfPage\":{\"@id\":\"https:\/\/thaderradiofm.es\/?p=749#primaryimage\"},\"image\":{\"@id\":\"https:\/\/thaderradiofm.es\/?p=749#primaryimage\"},\"thumbnailUrl\":\"https:\/\/thaderradiofm.es\/wp-content\/uploads\/2022\/07\/fauna-region-de-murcia.jpg\",\"datePublished\":\"2022-07-25T08:21:38+00:00\",\"dateModified\":\"2022-07-25T08:32:14+00:00\",\"breadcrumb\":{\"@id\":\"https:\/\/thaderradiofm.es\/?p=749#breadcrumb\"},\"inLanguage\":\"es\",\"potentialAction\":[{\"@type\":\"ReadAction\",\"target\":[\"https:\/\/thaderradiofm.es\/?p=749\"]}]},{\"@type\":\"ImageObject\",\"inLanguage\":\"es\",\"@id\":\"https:\/\/thaderradiofm.es\/?p=749#primaryimage\",\"url\":\"https:\/\/thaderradiofm.es\/wp-content\/uploads\/2022\/07\/fauna-region-de-murcia.jpg\",\"contentUrl\":\"https:\/\/thaderradiofm.es\/wp-content\/uploads\/2022\/07\/fauna-region-de-murcia.jpg\",\"width\":800,\"height\":494},{\"@type\":\"BreadcrumbList\",\"@id\":\"https:\/\/thaderradiofm.es\/?p=749#breadcrumb\",\"itemListElement\":[{\"@type\":\"ListItem\",\"position\":1,\"name\":\"Portada\",\"item\":\"http:\/\/thaderradiofm.es\/\"},{\"@type\":\"ListItem\",\"position\":2,\"name\":\"Fauna de la Regi\u00f3n de Murcia\"}]},{\"@type\":\"WebSite\",\"@id\":\"http:\/\/thaderradiofm.es\/#website\",\"url\":\"http:\/\/thaderradiofm.es\/\",\"name\":\"Thader Radio FM\",\"description\":\"La Radio en Espa\u00f1ol\",\"publisher\":{\"@id\":\"http:\/\/thaderradiofm.es\/#organization\"},\"potentialAction\":[{\"@type\":\"SearchAction\",\"target\":{\"@type\":\"EntryPoint\",\"urlTemplate\":\"http:\/\/thaderradiofm.es\/?s={search_term_string}\"},\"query-input\":{\"@type\":\"PropertyValueSpecification\",\"valueRequired\":true,\"valueName\":\"search_term_string\"}}],\"inLanguage\":\"es\"},{\"@type\":\"Organization\",\"@id\":\"http:\/\/thaderradiofm.es\/#organization\",\"name\":\"Thader Radio FM\",\"url\":\"http:\/\/thaderradiofm.es\/\",\"logo\":{\"@type\":\"ImageObject\",\"inLanguage\":\"es\",\"@id\":\"http:\/\/thaderradiofm.es\/#\/schema\/logo\/image\/\",\"url\":\"https:\/\/thaderradiofm.es\/wp-content\/uploads\/2023\/02\/cropped-THADER-RADIO.jpg\",\"contentUrl\":\"https:\/\/thaderradiofm.es\/wp-content\/uploads\/2023\/02\/cropped-THADER-RADIO.jpg\",\"width\":514,\"height\":385,\"caption\":\"Thader Radio FM\"},\"image\":{\"@id\":\"http:\/\/thaderradiofm.es\/#\/schema\/logo\/image\/\"}},{\"@type\":\"Person\",\"@id\":\"http:\/\/thaderradiofm.es\/#\/schema\/person\/83fa03919671b30d343eb51bf18a9e2f\",\"name\":\"ThaderRadioFM\",\"image\":{\"@type\":\"ImageObject\",\"inLanguage\":\"es\",\"@id\":\"http:\/\/thaderradiofm.es\/#\/schema\/person\/image\/\",\"url\":\"https:\/\/secure.gravatar.com\/avatar\/2050f79275a4ad7fd9fd0007b778bf26a99a1fbb55d365236b72b07b4779d82c?s=96&d=mm&r=g\",\"contentUrl\":\"https:\/\/secure.gravatar.com\/avatar\/2050f79275a4ad7fd9fd0007b778bf26a99a1fbb55d365236b72b07b4779d82c?s=96&d=mm&r=g\",\"caption\":\"ThaderRadioFM\"},\"url\":\"https:\/\/thaderradiofm.es\/?author=2\"}]}<\/script>\n<!-- \/ Yoast SEO plugin. -->","yoast_head_json":{"title":"Fauna de la Regi\u00f3n de Murcia - Thader Radio FM","robots":{"index":"index","follow":"follow","max-snippet":"max-snippet:-1","max-image-preview":"max-image-preview:large","max-video-preview":"max-video-preview:-1"},"canonical":"https:\/\/thaderradiofm.es\/?p=749","og_locale":"es_ES","og_type":"article","og_title":"Fauna de la Regi\u00f3n de Murcia - Thader Radio FM","og_description":"Mam\u00edferos &nbsp; Destaca la presencia en nuestros r\u00edos, pese a todas las amenazas, directas e indirectas que \u00e9stos sufren, de la Nutria, que aunque ha sufrido una terrible regresi\u00f3n en &hellip; Leer m\u00e1s","og_url":"https:\/\/thaderradiofm.es\/?p=749","og_site_name":"Thader Radio FM","article_published_time":"2022-07-25T08:21:38+00:00","article_modified_time":"2022-07-25T08:32:14+00:00","og_image":[{"width":800,"height":494,"url":"https:\/\/thaderradiofm.es\/wp-content\/uploads\/2022\/07\/fauna-region-de-murcia.jpg","type":"image\/jpeg"}],"author":"ThaderRadioFM","twitter_card":"summary_large_image","twitter_misc":{"Escrito por":"ThaderRadioFM","Tiempo de lectura":"9 minutos"},"schema":{"@context":"https:\/\/schema.org","@graph":[{"@type":"Article","@id":"https:\/\/thaderradiofm.es\/?p=749#article","isPartOf":{"@id":"https:\/\/thaderradiofm.es\/?p=749"},"author":{"name":"ThaderRadioFM","@id":"http:\/\/thaderradiofm.es\/#\/schema\/person\/83fa03919671b30d343eb51bf18a9e2f"},"headline":"Fauna de la Regi\u00f3n de Murcia","datePublished":"2022-07-25T08:21:38+00:00","dateModified":"2022-07-25T08:32:14+00:00","mainEntityOfPage":{"@id":"https:\/\/thaderradiofm.es\/?p=749"},"wordCount":1858,"publisher":{"@id":"http:\/\/thaderradiofm.es\/#organization"},"image":{"@id":"https:\/\/thaderradiofm.es\/?p=749#primaryimage"},"thumbnailUrl":"https:\/\/thaderradiofm.es\/wp-content\/uploads\/2022\/07\/fauna-region-de-murcia.jpg","articleSection":["Actualidad"],"inLanguage":"es"},{"@type":"WebPage","@id":"https:\/\/thaderradiofm.es\/?p=749","url":"https:\/\/thaderradiofm.es\/?p=749","name":"Fauna de la Regi\u00f3n de Murcia - Thader Radio FM","isPartOf":{"@id":"http:\/\/thaderradiofm.es\/#website"},"primaryImageOfPage":{"@id":"https:\/\/thaderradiofm.es\/?p=749#primaryimage"},"image":{"@id":"https:\/\/thaderradiofm.es\/?p=749#primaryimage"},"thumbnailUrl":"https:\/\/thaderradiofm.es\/wp-content\/uploads\/2022\/07\/fauna-region-de-murcia.jpg","datePublished":"2022-07-25T08:21:38+00:00","dateModified":"2022-07-25T08:32:14+00:00","breadcrumb":{"@id":"https:\/\/thaderradiofm.es\/?p=749#breadcrumb"},"inLanguage":"es","potentialAction":[{"@type":"ReadAction","target":["https:\/\/thaderradiofm.es\/?p=749"]}]},{"@type":"ImageObject","inLanguage":"es","@id":"https:\/\/thaderradiofm.es\/?p=749#primaryimage","url":"https:\/\/thaderradiofm.es\/wp-content\/uploads\/2022\/07\/fauna-region-de-murcia.jpg","contentUrl":"https:\/\/thaderradiofm.es\/wp-content\/uploads\/2022\/07\/fauna-region-de-murcia.jpg","width":800,"height":494},{"@type":"BreadcrumbList","@id":"https:\/\/thaderradiofm.es\/?p=749#breadcrumb","itemListElement":[{"@type":"ListItem","position":1,"name":"Portada","item":"http:\/\/thaderradiofm.es\/"},{"@type":"ListItem","position":2,"name":"Fauna de la Regi\u00f3n de Murcia"}]},{"@type":"WebSite","@id":"http:\/\/thaderradiofm.es\/#website","url":"http:\/\/thaderradiofm.es\/","name":"Thader Radio FM","description":"La Radio en Espa\u00f1ol","publisher":{"@id":"http:\/\/thaderradiofm.es\/#organization"},"potentialAction":[{"@type":"SearchAction","target":{"@type":"EntryPoint","urlTemplate":"http:\/\/thaderradiofm.es\/?s={search_term_string}"},"query-input":{"@type":"PropertyValueSpecification","valueRequired":true,"valueName":"search_term_string"}}],"inLanguage":"es"},{"@type":"Organization","@id":"http:\/\/thaderradiofm.es\/#organization","name":"Thader Radio FM","url":"http:\/\/thaderradiofm.es\/","logo":{"@type":"ImageObject","inLanguage":"es","@id":"http:\/\/thaderradiofm.es\/#\/schema\/logo\/image\/","url":"https:\/\/thaderradiofm.es\/wp-content\/uploads\/2023\/02\/cropped-THADER-RADIO.jpg","contentUrl":"https:\/\/thaderradiofm.es\/wp-content\/uploads\/2023\/02\/cropped-THADER-RADIO.jpg","width":514,"height":385,"caption":"Thader Radio FM"},"image":{"@id":"http:\/\/thaderradiofm.es\/#\/schema\/logo\/image\/"}},{"@type":"Person","@id":"http:\/\/thaderradiofm.es\/#\/schema\/person\/83fa03919671b30d343eb51bf18a9e2f","name":"ThaderRadioFM","image":{"@type":"ImageObject","inLanguage":"es","@id":"http:\/\/thaderradiofm.es\/#\/schema\/person\/image\/","url":"https:\/\/secure.gravatar.com\/avatar\/2050f79275a4ad7fd9fd0007b778bf26a99a1fbb55d365236b72b07b4779d82c?s=96&d=mm&r=g","contentUrl":"https:\/\/secure.gravatar.com\/avatar\/2050f79275a4ad7fd9fd0007b778bf26a99a1fbb55d365236b72b07b4779d82c?s=96&d=mm&r=g","caption":"ThaderRadioFM"},"url":"https:\/\/thaderradiofm.es\/?author=2"}]}},"_links":{"self":[{"href":"https:\/\/thaderradiofm.es\/index.php?rest_route=\/wp\/v2\/posts\/749","targetHints":{"allow":["GET"]}}],"collection":[{"href":"https:\/\/thaderradiofm.es\/index.php?rest_route=\/wp\/v2\/posts"}],"about":[{"href":"https:\/\/thaderradiofm.es\/index.php?rest_route=\/wp\/v2\/types\/post"}],"author":[{"embeddable":true,"href":"https:\/\/thaderradiofm.es\/index.php?rest_route=\/wp\/v2\/users\/2"}],"replies":[{"embeddable":true,"href":"https:\/\/thaderradiofm.es\/index.php?rest_route=%2Fwp%2Fv2%2Fcomments&post=749"}],"version-history":[{"count":2,"href":"https:\/\/thaderradiofm.es\/index.php?rest_route=\/wp\/v2\/posts\/749\/revisions"}],"predecessor-version":[{"id":752,"href":"https:\/\/thaderradiofm.es\/index.php?rest_route=\/wp\/v2\/posts\/749\/revisions\/752"}],"wp:featuredmedia":[{"embeddable":true,"href":"https:\/\/thaderradiofm.es\/index.php?rest_route=\/wp\/v2\/media\/751"}],"wp:attachment":[{"href":"https:\/\/thaderradiofm.es\/index.php?rest_route=%2Fwp%2Fv2%2Fmedia&parent=749"}],"wp:term":[{"taxonomy":"category","embeddable":true,"href":"https:\/\/thaderradiofm.es\/index.php?rest_route=%2Fwp%2Fv2%2Fcategories&post=749"},{"taxonomy":"post_tag","embeddable":true,"href":"https:\/\/thaderradiofm.es\/index.php?rest_route=%2Fwp%2Fv2%2Ftags&post=749"}],"curies":[{"name":"wp","href":"https:\/\/api.w.org\/{rel}","templated":true}]}}