{"id":695,"date":"2022-06-28T12:03:42","date_gmt":"2022-06-28T12:03:42","guid":{"rendered":"http:\/\/thaderradiofm.es\/?p=695"},"modified":"2023-07-06T10:22:18","modified_gmt":"2023-07-06T10:22:18","slug":"canciones-del-verano-2022","status":"publish","type":"post","link":"https:\/\/thaderradiofm.es\/?p=695","title":{"rendered":"<strong>CANCIONES DEL VERANO 2022<\/strong>"},"content":{"rendered":"\n<p>Ha llegado el verano, y con \u00e9l las canciones que se disputan el puesto a la canci\u00f3n del verano 2022. En Thader Radio FM hemos hecho un recopilatorio de las mejores propuestas.<\/p>\n\n\n\n<p>Las 12 de Ana Mena ft. Belinda<\/p>\n\n\n\n<div class=\"wp-block-image\"><figure class=\"aligncenter\"><img decoding=\"async\" src=\"https:\/\/m.media-amazon.com\/images\/I\/51tLzVu2LoL._UXNaN_FMjpg_QL85_.jpg\" alt=\"LAS 12 de Ana Mena &amp; Belinda en Amazon Music Unlimited\"\/><\/figure><\/div>\n\n\n\n<p>Comenzamos nuestra lista con la \u00faltima canci\u00f3n de Ana Mena, totalmente adictiva &nbsp;y dif\u00edcil de olvidar. Estamos seguros que ser\u00e1 todo un \u00e9xito y que escalar\u00e1 r\u00e1pidamente posiciones en todas las listas, as\u00ed suena este temazo de Ana Mena.<\/p>\n\n\n\n<p>Te felicito de Shakira ft. Rauw Alejandro<\/p>\n\n\n\n<div class=\"wp-block-image\"><figure class=\"aligncenter is-resized\"><img loading=\"lazy\" decoding=\"async\" src=\"https:\/\/is2-ssl.mzstatic.com\/image\/thumb\/Music112\/v4\/ad\/9c\/9a\/ad9c9abb-0c5e-c6e5-609b-fa0d5f940ac6\/196589072511.jpg\/1200x1200bf-60.jpg\" alt=\"\" width=\"464\" height=\"464\"\/><\/figure><\/div>\n\n\n\n<p>Es sin duda uno de los temas m\u00e1s escuchados. Los dos colombianos se han unido en un temazo con ritmos urbanos al que le han sumado una coreograf\u00eda rob\u00f3tica que sin duda arrasar\u00e1 en las pistas de baile este verano y suena as\u00ed de bien.<\/p>\n\n\n\n<p>El Teke Teke de Carlos Vives, Black Eyed Peas y Play-N-Skillz<\/p>\n\n\n\n<div class=\"wp-block-image\"><figure class=\"aligncenter is-resized\"><img loading=\"lazy\" decoding=\"async\" src=\"https:\/\/i.scdn.co\/image\/ab67616d00001e023045a0b92721121b83846e74\" alt=\"\" width=\"511\" height=\"511\"\/><\/figure><\/div>\n\n\n\n<p>Y pasamos a otro \u00e9xito veraniego asegurado El Teke Teke. Esta colaboraci\u00f3n entre Carlos Vives, Black Eyed Peas y Play-N-Skillz es una canci\u00f3n para disfrutar bailando en la playa con ritmo y letras muy pegadizas, un \u00e9xito asegurado, y para que te entre el gusanillo te ponemos unos segundos aqu\u00ed en Thader Radio FM.<\/p>\n\n\n\n<p>Mariposas de Sangiovanni con Aitana<\/p>\n\n\n\n<figure class=\"wp-block-image\"><img decoding=\"async\" src=\"https:\/\/images.genius.com\/e0c4d11ccd3a483c25352944474e3991.1000x1000x1.jpg\" alt=\"sangiovanni &amp; Aitana \u2013 \u200bmariposas Lyrics | Genius Lyrics\"\/><\/figure>\n\n\n\n<p>Y no pod\u00eda faltar una de las artistas de momento, Aitana, Este verano colabora con el italiano Sangiovanni. Este pop con tintes electr\u00f3nicos lo tiene todo para ser canci\u00f3n del verano.<\/p>\n\n\n\n<p>Bail\u00e9 con mi ex de Becky G<\/p>\n\n\n\n<div class=\"wp-block-image\"><figure class=\"aligncenter\"><img decoding=\"async\" src=\"https:\/\/i1.sndcdn.com\/artworks-Bug9HzdGz8UVNmcV-Cs1pAw-t500x500.jpg\" alt=\"Stream Becky G- Bail\u00e9 con mi Ex 128BPM by Dj.Oki | Listen online for free  on SoundCloud\"\/><\/figure><\/div>\n\n\n\n<p>Becky G entra en nuestra lista pisando fuerte con una canci\u00f3n empoderada, habla de lo que siente una mujer cuando se encuentra con su ex y se da cuenta de que, aunque hay sentimientos, es mejor pasar p\u00e1gina. Sin duda un temazo que merec\u00eda estar en nuestra lista.<\/p>\n\n\n\n<p>Bizcochito de Rosal\u00eda<\/p>\n\n\n\n<figure class=\"wp-block-image\"><img decoding=\"async\" src=\"https:\/\/i.ytimg.com\/vi\/aG5C32aATKc\/maxresdefault.jpg?v=628bab0b\" alt=\"ROSAL\u00cdA - BIZCOCHITO (Official Audio) - YouTube\"\/><\/figure>\n\n\n\n<p>Rosal\u00eda otra firme candidata que no se desvanece con el tiempo, sino que nos sorprende cada vez que saca un nuevo tema, como es el caso de Bizcochito, un tema con un estribillo pegadizo que romper\u00e1 las pistas de las discotecas y que suena, as\u00ed de bien.<\/p>\n\n\n\n<p>Provenza de Karol G<\/p>\n\n\n\n<figure class=\"wp-block-image\"><img decoding=\"async\" src=\"https:\/\/i.ytimg.com\/vi\/_CVEy04vxhw\/maxresdefault.jpg\" alt=\"Karol G - Provenza (Audio) New Single &#x1f30a; - YouTube\"\/><\/figure>\n\n\n\n<p>Karol G tambi\u00e9n consigue hacerse un hueco en nuestra lista present\u00e1ndonos su \u00faltimo tema que no deja de romper records de escuchas y mezcla ritmos tropicales con afro-beats y reggaet\u00f3n, toda una mezcla explosiva de ritmos que te ponemos aqu\u00ed en Thader Radio FM.<\/p>\n\n\n\n<p>SloMo de Chanel<\/p>\n\n\n\n<figure class=\"wp-block-image\"><img decoding=\"async\" src=\"https:\/\/images.genius.com\/0ee67ebc42b7c0d9924dcd8148dea503.1000x1000x1.png\" alt=\"Chanel \u2013 SloMo Lyrics | Genius Lyrics\"\/><\/figure>\n\n\n\n<p>Nuestra siguiente candidata es Chanel con su Slo Mo, un gran ejemplo de que no se debe hacer caso de lo que diga la gente en un principio, ya que como todos sab\u00e9is, a pesar de las ingentes cr\u00edticas que recibi\u00f3, finalmente quedo en un tercer puesto en Eurovisi\u00f3n, algo hist\u00f3rico para Espa\u00f1a y que no se ve\u00eda en 27 a\u00f1os. Adem\u00e1s<\/p>\n\n\n\n<p>Nos comemos de Tiago PZK y Ozuna<\/p>\n\n\n\n<figure class=\"wp-block-image\"><img decoding=\"async\" src=\"https:\/\/reggaetonsinlimite.b-cdn.net\/wp-content\/uploads\/2022\/06\/Nos-Comemos.jpeg\" alt=\"Tiago PZK &amp; Ozuna - Nos Comemos (LETRA\/LYRIC) | ReggaetonSinLimite\"\/><\/figure>\n\n\n\n<p>El siguiente candidato es Nos conocemos de Tiago PZK y Ozuna, ambos artistas se juntan para ofrecernos este tema de reggaet\u00f3n con el que lo podremos dar todo en la pista y para que se te vaya pegando el ritmo te ponemos una peque\u00f1a p\u00edldora.<\/p>\n\n\n\n<p>Tit\u00ed me pregunt\u00f3 de Bad Benny<\/p>\n\n\n\n<div class=\"wp-block-image\"><figure class=\"aligncenter\"><img decoding=\"async\" src=\"https:\/\/i1.sndcdn.com\/artworks-yvShTtI5FzizQ4l5-c1VnWg-t500x500.jpg\" alt=\"Stream Titi Me Pregunto - Bad Bunny - Extended Clean By Fabian Parrado DJ -  111 Bpm by Fabian Parrado Crossover | Listen online for free on SoundCloud\"\/><\/figure><\/div>\n\n\n\n<p>Y nuestro top de canciones candidatas a canci\u00f3n del verano finaliza con Tit\u00ed me pregunt\u00f3 de Bad Bunny, uno de los artistas que m\u00e1s est\u00e1 arrasando en este momento, el artista est\u00e1 en el puesto n\u00famero uno del ranking de Spotify de canciones reproducidas en Espa\u00f1a y nosotros te ponemos el estribillo para que recuerdes como suena, por mi parte yo me despido, nos vemos en otra ocasi\u00f3n, les saluda, Enrique Monllor.<\/p>\n","protected":false},"excerpt":{"rendered":"<p>Ha llegado el verano, y con \u00e9l las canciones que se disputan el puesto a la canci\u00f3n del verano 2022. En Thader Radio FM hemos hecho un recopilatorio de las &hellip; <a href=\"https:\/\/thaderradiofm.es\/?p=695\" class=\"more-link\">Leer m\u00e1s<\/a><\/p>\n","protected":false},"author":2,"featured_media":704,"comment_status":"closed","ping_status":"open","sticky":false,"template":"","format":"standard","meta":{"footnotes":""},"categories":[6,4],"tags":[],"class_list":["post-695","post","type-post","status-publish","format-standard","has-post-thumbnail","hentry","category-actualidad","category-musica","entry"],"yoast_head":"<!-- This site is optimized with the Yoast SEO plugin v23.9 - https:\/\/yoast.com\/wordpress\/plugins\/seo\/ -->\n<title>CANCIONES DEL VERANO 2022 - Thader Radio FM<\/title>\n<meta name=\"robots\" content=\"index, follow, max-snippet:-1, max-image-preview:large, max-video-preview:-1\" \/>\n<link rel=\"canonical\" href=\"https:\/\/thaderradiofm.es\/?p=695\" \/>\n<meta property=\"og:locale\" content=\"es_ES\" \/>\n<meta property=\"og:type\" content=\"article\" \/>\n<meta property=\"og:title\" content=\"CANCIONES DEL VERANO 2022 - Thader Radio FM\" \/>\n<meta property=\"og:description\" content=\"Ha llegado el verano, y con \u00e9l las canciones que se disputan el puesto a la canci\u00f3n del verano 2022. En Thader Radio FM hemos hecho un recopilatorio de las &hellip; Leer m\u00e1s\" \/>\n<meta property=\"og:url\" content=\"https:\/\/thaderradiofm.es\/?p=695\" \/>\n<meta property=\"og:site_name\" content=\"Thader Radio FM\" \/>\n<meta property=\"article:published_time\" content=\"2022-06-28T12:03:42+00:00\" \/>\n<meta property=\"article:modified_time\" content=\"2023-07-06T10:22:18+00:00\" \/>\n<meta property=\"og:image\" content=\"https:\/\/thaderradiofm.es\/wp-content\/uploads\/2022\/06\/cancion-del-verano.jpg\" \/>\n\t<meta property=\"og:image:width\" content=\"620\" \/>\n\t<meta property=\"og:image:height\" content=\"367\" \/>\n\t<meta property=\"og:image:type\" content=\"image\/jpeg\" \/>\n<meta name=\"author\" content=\"ThaderRadioFM\" \/>\n<meta name=\"twitter:card\" content=\"summary_large_image\" \/>\n<meta name=\"twitter:label1\" content=\"Escrito por\" \/>\n\t<meta name=\"twitter:data1\" content=\"ThaderRadioFM\" \/>\n\t<meta name=\"twitter:label2\" content=\"Tiempo de lectura\" \/>\n\t<meta name=\"twitter:data2\" content=\"5 minutos\" \/>\n<script type=\"application\/ld+json\" class=\"yoast-schema-graph\">{\"@context\":\"https:\/\/schema.org\",\"@graph\":[{\"@type\":\"Article\",\"@id\":\"https:\/\/thaderradiofm.es\/?p=695#article\",\"isPartOf\":{\"@id\":\"https:\/\/thaderradiofm.es\/?p=695\"},\"author\":{\"name\":\"ThaderRadioFM\",\"@id\":\"http:\/\/thaderradiofm.es\/#\/schema\/person\/83fa03919671b30d343eb51bf18a9e2f\"},\"headline\":\"CANCIONES DEL VERANO 2022\",\"datePublished\":\"2022-06-28T12:03:42+00:00\",\"dateModified\":\"2023-07-06T10:22:18+00:00\",\"mainEntityOfPage\":{\"@id\":\"https:\/\/thaderradiofm.es\/?p=695\"},\"wordCount\":616,\"publisher\":{\"@id\":\"http:\/\/thaderradiofm.es\/#organization\"},\"image\":{\"@id\":\"https:\/\/thaderradiofm.es\/?p=695#primaryimage\"},\"thumbnailUrl\":\"https:\/\/thaderradiofm.es\/wp-content\/uploads\/2022\/06\/cancion-del-verano.jpg\",\"articleSection\":[\"Actualidad\",\"M\u00fasica\"],\"inLanguage\":\"es\"},{\"@type\":\"WebPage\",\"@id\":\"https:\/\/thaderradiofm.es\/?p=695\",\"url\":\"https:\/\/thaderradiofm.es\/?p=695\",\"name\":\"CANCIONES DEL VERANO 2022 - Thader Radio FM\",\"isPartOf\":{\"@id\":\"http:\/\/thaderradiofm.es\/#website\"},\"primaryImageOfPage\":{\"@id\":\"https:\/\/thaderradiofm.es\/?p=695#primaryimage\"},\"image\":{\"@id\":\"https:\/\/thaderradiofm.es\/?p=695#primaryimage\"},\"thumbnailUrl\":\"https:\/\/thaderradiofm.es\/wp-content\/uploads\/2022\/06\/cancion-del-verano.jpg\",\"datePublished\":\"2022-06-28T12:03:42+00:00\",\"dateModified\":\"2023-07-06T10:22:18+00:00\",\"breadcrumb\":{\"@id\":\"https:\/\/thaderradiofm.es\/?p=695#breadcrumb\"},\"inLanguage\":\"es\",\"potentialAction\":[{\"@type\":\"ReadAction\",\"target\":[\"https:\/\/thaderradiofm.es\/?p=695\"]}]},{\"@type\":\"ImageObject\",\"inLanguage\":\"es\",\"@id\":\"https:\/\/thaderradiofm.es\/?p=695#primaryimage\",\"url\":\"https:\/\/thaderradiofm.es\/wp-content\/uploads\/2022\/06\/cancion-del-verano.jpg\",\"contentUrl\":\"https:\/\/thaderradiofm.es\/wp-content\/uploads\/2022\/06\/cancion-del-verano.jpg\",\"width\":620,\"height\":367},{\"@type\":\"BreadcrumbList\",\"@id\":\"https:\/\/thaderradiofm.es\/?p=695#breadcrumb\",\"itemListElement\":[{\"@type\":\"ListItem\",\"position\":1,\"name\":\"Portada\",\"item\":\"http:\/\/thaderradiofm.es\/\"},{\"@type\":\"ListItem\",\"position\":2,\"name\":\"CANCIONES DEL VERANO 2022\"}]},{\"@type\":\"WebSite\",\"@id\":\"http:\/\/thaderradiofm.es\/#website\",\"url\":\"http:\/\/thaderradiofm.es\/\",\"name\":\"Thader Radio FM\",\"description\":\"La Radio en Espa\u00f1ol\",\"publisher\":{\"@id\":\"http:\/\/thaderradiofm.es\/#organization\"},\"potentialAction\":[{\"@type\":\"SearchAction\",\"target\":{\"@type\":\"EntryPoint\",\"urlTemplate\":\"http:\/\/thaderradiofm.es\/?s={search_term_string}\"},\"query-input\":{\"@type\":\"PropertyValueSpecification\",\"valueRequired\":true,\"valueName\":\"search_term_string\"}}],\"inLanguage\":\"es\"},{\"@type\":\"Organization\",\"@id\":\"http:\/\/thaderradiofm.es\/#organization\",\"name\":\"Thader Radio FM\",\"url\":\"http:\/\/thaderradiofm.es\/\",\"logo\":{\"@type\":\"ImageObject\",\"inLanguage\":\"es\",\"@id\":\"http:\/\/thaderradiofm.es\/#\/schema\/logo\/image\/\",\"url\":\"https:\/\/thaderradiofm.es\/wp-content\/uploads\/2023\/02\/cropped-THADER-RADIO.jpg\",\"contentUrl\":\"https:\/\/thaderradiofm.es\/wp-content\/uploads\/2023\/02\/cropped-THADER-RADIO.jpg\",\"width\":514,\"height\":385,\"caption\":\"Thader Radio FM\"},\"image\":{\"@id\":\"http:\/\/thaderradiofm.es\/#\/schema\/logo\/image\/\"}},{\"@type\":\"Person\",\"@id\":\"http:\/\/thaderradiofm.es\/#\/schema\/person\/83fa03919671b30d343eb51bf18a9e2f\",\"name\":\"ThaderRadioFM\",\"image\":{\"@type\":\"ImageObject\",\"inLanguage\":\"es\",\"@id\":\"http:\/\/thaderradiofm.es\/#\/schema\/person\/image\/\",\"url\":\"https:\/\/secure.gravatar.com\/avatar\/2050f79275a4ad7fd9fd0007b778bf26a99a1fbb55d365236b72b07b4779d82c?s=96&d=mm&r=g\",\"contentUrl\":\"https:\/\/secure.gravatar.com\/avatar\/2050f79275a4ad7fd9fd0007b778bf26a99a1fbb55d365236b72b07b4779d82c?s=96&d=mm&r=g\",\"caption\":\"ThaderRadioFM\"},\"url\":\"https:\/\/thaderradiofm.es\/?author=2\"}]}<\/script>\n<!-- \/ Yoast SEO plugin. -->","yoast_head_json":{"title":"CANCIONES DEL VERANO 2022 - Thader Radio FM","robots":{"index":"index","follow":"follow","max-snippet":"max-snippet:-1","max-image-preview":"max-image-preview:large","max-video-preview":"max-video-preview:-1"},"canonical":"https:\/\/thaderradiofm.es\/?p=695","og_locale":"es_ES","og_type":"article","og_title":"CANCIONES DEL VERANO 2022 - Thader Radio FM","og_description":"Ha llegado el verano, y con \u00e9l las canciones que se disputan el puesto a la canci\u00f3n del verano 2022. En Thader Radio FM hemos hecho un recopilatorio de las &hellip; Leer m\u00e1s","og_url":"https:\/\/thaderradiofm.es\/?p=695","og_site_name":"Thader Radio FM","article_published_time":"2022-06-28T12:03:42+00:00","article_modified_time":"2023-07-06T10:22:18+00:00","og_image":[{"width":620,"height":367,"url":"https:\/\/thaderradiofm.es\/wp-content\/uploads\/2022\/06\/cancion-del-verano.jpg","type":"image\/jpeg"}],"author":"ThaderRadioFM","twitter_card":"summary_large_image","twitter_misc":{"Escrito por":"ThaderRadioFM","Tiempo de lectura":"5 minutos"},"schema":{"@context":"https:\/\/schema.org","@graph":[{"@type":"Article","@id":"https:\/\/thaderradiofm.es\/?p=695#article","isPartOf":{"@id":"https:\/\/thaderradiofm.es\/?p=695"},"author":{"name":"ThaderRadioFM","@id":"http:\/\/thaderradiofm.es\/#\/schema\/person\/83fa03919671b30d343eb51bf18a9e2f"},"headline":"CANCIONES DEL VERANO 2022","datePublished":"2022-06-28T12:03:42+00:00","dateModified":"2023-07-06T10:22:18+00:00","mainEntityOfPage":{"@id":"https:\/\/thaderradiofm.es\/?p=695"},"wordCount":616,"publisher":{"@id":"http:\/\/thaderradiofm.es\/#organization"},"image":{"@id":"https:\/\/thaderradiofm.es\/?p=695#primaryimage"},"thumbnailUrl":"https:\/\/thaderradiofm.es\/wp-content\/uploads\/2022\/06\/cancion-del-verano.jpg","articleSection":["Actualidad","M\u00fasica"],"inLanguage":"es"},{"@type":"WebPage","@id":"https:\/\/thaderradiofm.es\/?p=695","url":"https:\/\/thaderradiofm.es\/?p=695","name":"CANCIONES DEL VERANO 2022 - Thader Radio FM","isPartOf":{"@id":"http:\/\/thaderradiofm.es\/#website"},"primaryImageOfPage":{"@id":"https:\/\/thaderradiofm.es\/?p=695#primaryimage"},"image":{"@id":"https:\/\/thaderradiofm.es\/?p=695#primaryimage"},"thumbnailUrl":"https:\/\/thaderradiofm.es\/wp-content\/uploads\/2022\/06\/cancion-del-verano.jpg","datePublished":"2022-06-28T12:03:42+00:00","dateModified":"2023-07-06T10:22:18+00:00","breadcrumb":{"@id":"https:\/\/thaderradiofm.es\/?p=695#breadcrumb"},"inLanguage":"es","potentialAction":[{"@type":"ReadAction","target":["https:\/\/thaderradiofm.es\/?p=695"]}]},{"@type":"ImageObject","inLanguage":"es","@id":"https:\/\/thaderradiofm.es\/?p=695#primaryimage","url":"https:\/\/thaderradiofm.es\/wp-content\/uploads\/2022\/06\/cancion-del-verano.jpg","contentUrl":"https:\/\/thaderradiofm.es\/wp-content\/uploads\/2022\/06\/cancion-del-verano.jpg","width":620,"height":367},{"@type":"BreadcrumbList","@id":"https:\/\/thaderradiofm.es\/?p=695#breadcrumb","itemListElement":[{"@type":"ListItem","position":1,"name":"Portada","item":"http:\/\/thaderradiofm.es\/"},{"@type":"ListItem","position":2,"name":"CANCIONES DEL VERANO 2022"}]},{"@type":"WebSite","@id":"http:\/\/thaderradiofm.es\/#website","url":"http:\/\/thaderradiofm.es\/","name":"Thader Radio FM","description":"La Radio en Espa\u00f1ol","publisher":{"@id":"http:\/\/thaderradiofm.es\/#organization"},"potentialAction":[{"@type":"SearchAction","target":{"@type":"EntryPoint","urlTemplate":"http:\/\/thaderradiofm.es\/?s={search_term_string}"},"query-input":{"@type":"PropertyValueSpecification","valueRequired":true,"valueName":"search_term_string"}}],"inLanguage":"es"},{"@type":"Organization","@id":"http:\/\/thaderradiofm.es\/#organization","name":"Thader Radio FM","url":"http:\/\/thaderradiofm.es\/","logo":{"@type":"ImageObject","inLanguage":"es","@id":"http:\/\/thaderradiofm.es\/#\/schema\/logo\/image\/","url":"https:\/\/thaderradiofm.es\/wp-content\/uploads\/2023\/02\/cropped-THADER-RADIO.jpg","contentUrl":"https:\/\/thaderradiofm.es\/wp-content\/uploads\/2023\/02\/cropped-THADER-RADIO.jpg","width":514,"height":385,"caption":"Thader Radio FM"},"image":{"@id":"http:\/\/thaderradiofm.es\/#\/schema\/logo\/image\/"}},{"@type":"Person","@id":"http:\/\/thaderradiofm.es\/#\/schema\/person\/83fa03919671b30d343eb51bf18a9e2f","name":"ThaderRadioFM","image":{"@type":"ImageObject","inLanguage":"es","@id":"http:\/\/thaderradiofm.es\/#\/schema\/person\/image\/","url":"https:\/\/secure.gravatar.com\/avatar\/2050f79275a4ad7fd9fd0007b778bf26a99a1fbb55d365236b72b07b4779d82c?s=96&d=mm&r=g","contentUrl":"https:\/\/secure.gravatar.com\/avatar\/2050f79275a4ad7fd9fd0007b778bf26a99a1fbb55d365236b72b07b4779d82c?s=96&d=mm&r=g","caption":"ThaderRadioFM"},"url":"https:\/\/thaderradiofm.es\/?author=2"}]}},"_links":{"self":[{"href":"https:\/\/thaderradiofm.es\/index.php?rest_route=\/wp\/v2\/posts\/695","targetHints":{"allow":["GET"]}}],"collection":[{"href":"https:\/\/thaderradiofm.es\/index.php?rest_route=\/wp\/v2\/posts"}],"about":[{"href":"https:\/\/thaderradiofm.es\/index.php?rest_route=\/wp\/v2\/types\/post"}],"author":[{"embeddable":true,"href":"https:\/\/thaderradiofm.es\/index.php?rest_route=\/wp\/v2\/users\/2"}],"replies":[{"embeddable":true,"href":"https:\/\/thaderradiofm.es\/index.php?rest_route=%2Fwp%2Fv2%2Fcomments&post=695"}],"version-history":[{"count":3,"href":"https:\/\/thaderradiofm.es\/index.php?rest_route=\/wp\/v2\/posts\/695\/revisions"}],"predecessor-version":[{"id":706,"href":"https:\/\/thaderradiofm.es\/index.php?rest_route=\/wp\/v2\/posts\/695\/revisions\/706"}],"wp:featuredmedia":[{"embeddable":true,"href":"https:\/\/thaderradiofm.es\/index.php?rest_route=\/wp\/v2\/media\/704"}],"wp:attachment":[{"href":"https:\/\/thaderradiofm.es\/index.php?rest_route=%2Fwp%2Fv2%2Fmedia&parent=695"}],"wp:term":[{"taxonomy":"category","embeddable":true,"href":"https:\/\/thaderradiofm.es\/index.php?rest_route=%2Fwp%2Fv2%2Fcategories&post=695"},{"taxonomy":"post_tag","embeddable":true,"href":"https:\/\/thaderradiofm.es\/index.php?rest_route=%2Fwp%2Fv2%2Ftags&post=695"}],"curies":[{"name":"wp","href":"https:\/\/api.w.org\/{rel}","templated":true}]}}