{"id":692,"date":"2022-06-23T08:58:23","date_gmt":"2022-06-23T08:58:23","guid":{"rendered":"http:\/\/thaderradiofm.es\/?p=692"},"modified":"2022-06-23T08:58:23","modified_gmt":"2022-06-23T08:58:23","slug":"la-alcaldesa-de-archena-patricia-fernandez-y-el-presidente-de-la-region-fernando-lopez-miras-deben-llegar-a-un-acuerdo","status":"publish","type":"post","link":"https:\/\/thaderradiofm.es\/?p=692","title":{"rendered":"La Alcaldesa de Archena, Patricia Fern\u00e1ndez y el Presidente de la Regi\u00f3n, Fernando L\u00f3pez Miras deben llegar a un acuerdo."},"content":{"rendered":"\n<div class=\"wp-block-image\"><figure class=\"aligncenter\"><img decoding=\"async\" src=\"https:\/\/scontent.fmad8-1.fna.fbcdn.net\/v\/t39.30808-6\/289585633_5167469216701308_6146493612121394760_n.jpg?_nc_cat=108&amp;ccb=1-7&amp;_nc_sid=8bfeb9&amp;_nc_ohc=HqG8XjiBy-UAX8P_LXB&amp;_nc_ht=scontent.fmad8-1.fna&amp;oh=00_AT-g5BMUBviTOY8dZ68uNZzu6-M3W6XuTjapMCqVJYTw_Q&amp;oe=62B9CBE4\" alt=\"\"\/><\/figure><\/div>\n\n\n\n<p><strong>Fernando L\u00f3pez Miras ya puede respirar tranquilo.\u00a0<\/strong>Ayer a las 19 horas terminaba el plazo para que los\u00a0<strong>candidatos a presidir el Partido Popular\u00a0<\/strong>presentaran sus avales y \u00e9l fue el \u00fanico en llevar sus 5.300. Quedan por saber cu\u00e1ntos iban a presentar los\u00a0<strong>otros dos aspirantes que decidieron retirarse en el \u00faltimo momento.<\/strong><\/p>\n\n\n\n<p>Solo se ten\u00eda constancia oficial de las intenciones de\u00a0<strong>Manuel Dur\u00e1n<\/strong>, exdirector general de Seguridad Ciudadana y Emergencias. Sin embargo,\u00a0<strong>quien preocupaba al presidente del partido era alguien a quien el aparato hab\u00eda prohibido presentarse: la alcaldesa de\u00a0<\/strong><a href=\"https:\/\/www.laopiniondemurcia.es\/municipios\/archena\/\"><strong>Archena<\/strong><\/a><strong>, Patricia Fern\u00e1ndez,\u00a0<\/strong>que no estaba por la labor de dejar las cosas as\u00ed.<\/p>\n\n\n\n<p><strong>Alberto N\u00fa\u00f1ez Feij\u00f3o<\/strong>, l\u00edder de los populares a nivel nacional, encomend\u00f3 a ambos dirigentes murcianos a que se entendieran y a que acordaran una ejecutiva del PP regional de integraci\u00f3n, que incluyera a hombres y mujeres tanto de Miras como de Fern\u00e1ndez. No solo eso. Tambi\u00e9n las listas electorales de las pr\u00f3ximas elecciones auton\u00f3micas, que tendr\u00e1n lugar dentro de menos de un a\u00f1o, estar\u00e1n integradas por gente de confianza de ambos.<\/p>\n","protected":false},"excerpt":{"rendered":"<p>Fernando L\u00f3pez Miras ya puede respirar tranquilo.\u00a0Ayer a las 19 horas terminaba el plazo para que los\u00a0candidatos a presidir el Partido Popular\u00a0presentaran sus avales y \u00e9l fue el \u00fanico en &hellip; <a href=\"https:\/\/thaderradiofm.es\/?p=692\" class=\"more-link\">Leer m\u00e1s<\/a><\/p>\n","protected":false},"author":2,"featured_media":693,"comment_status":"closed","ping_status":"open","sticky":false,"template":"","format":"standard","meta":{"footnotes":""},"categories":[6],"tags":[],"class_list":["post-692","post","type-post","status-publish","format-standard","has-post-thumbnail","hentry","category-actualidad","entry"],"yoast_head":"<!-- This site is optimized with the Yoast SEO plugin v23.9 - https:\/\/yoast.com\/wordpress\/plugins\/seo\/ -->\n<title>La Alcaldesa de Archena, Patricia Fern\u00e1ndez y el Presidente de la Regi\u00f3n, Fernando L\u00f3pez Miras deben llegar a un acuerdo. - Thader Radio FM<\/title>\n<meta name=\"robots\" content=\"index, follow, max-snippet:-1, max-image-preview:large, max-video-preview:-1\" \/>\n<link rel=\"canonical\" href=\"https:\/\/thaderradiofm.es\/?p=692\" \/>\n<meta property=\"og:locale\" content=\"es_ES\" \/>\n<meta property=\"og:type\" content=\"article\" \/>\n<meta property=\"og:title\" content=\"La Alcaldesa de Archena, Patricia Fern\u00e1ndez y el Presidente de la Regi\u00f3n, Fernando L\u00f3pez Miras deben llegar a un acuerdo. - Thader Radio FM\" \/>\n<meta property=\"og:description\" content=\"Fernando L\u00f3pez Miras ya puede respirar tranquilo.\u00a0Ayer a las 19 horas terminaba el plazo para que los\u00a0candidatos a presidir el Partido Popular\u00a0presentaran sus avales y \u00e9l fue el \u00fanico en &hellip; Leer m\u00e1s\" \/>\n<meta property=\"og:url\" content=\"https:\/\/thaderradiofm.es\/?p=692\" \/>\n<meta property=\"og:site_name\" content=\"Thader Radio FM\" \/>\n<meta property=\"article:published_time\" content=\"2022-06-23T08:58:23+00:00\" \/>\n<meta property=\"og:image\" content=\"https:\/\/thaderradiofm.es\/wp-content\/uploads\/2022\/06\/Patricia-Fernandez-alcaldesa.jpg\" \/>\n\t<meta property=\"og:image:width\" content=\"420\" \/>\n\t<meta property=\"og:image:height\" content=\"519\" \/>\n\t<meta property=\"og:image:type\" content=\"image\/jpeg\" \/>\n<meta name=\"author\" content=\"ThaderRadioFM\" \/>\n<meta name=\"twitter:card\" content=\"summary_large_image\" \/>\n<meta name=\"twitter:label1\" content=\"Escrito por\" \/>\n\t<meta name=\"twitter:data1\" content=\"ThaderRadioFM\" \/>\n\t<meta name=\"twitter:label2\" content=\"Tiempo de lectura\" \/>\n\t<meta name=\"twitter:data2\" content=\"2 minutos\" \/>\n<script type=\"application\/ld+json\" class=\"yoast-schema-graph\">{\"@context\":\"https:\/\/schema.org\",\"@graph\":[{\"@type\":\"Article\",\"@id\":\"https:\/\/thaderradiofm.es\/?p=692#article\",\"isPartOf\":{\"@id\":\"https:\/\/thaderradiofm.es\/?p=692\"},\"author\":{\"name\":\"ThaderRadioFM\",\"@id\":\"http:\/\/thaderradiofm.es\/#\/schema\/person\/83fa03919671b30d343eb51bf18a9e2f\"},\"headline\":\"La Alcaldesa de Archena, Patricia Fern\u00e1ndez y el Presidente de la Regi\u00f3n, Fernando L\u00f3pez Miras deben llegar a un acuerdo.\",\"datePublished\":\"2022-06-23T08:58:23+00:00\",\"dateModified\":\"2022-06-23T08:58:23+00:00\",\"mainEntityOfPage\":{\"@id\":\"https:\/\/thaderradiofm.es\/?p=692\"},\"wordCount\":215,\"publisher\":{\"@id\":\"http:\/\/thaderradiofm.es\/#organization\"},\"image\":{\"@id\":\"https:\/\/thaderradiofm.es\/?p=692#primaryimage\"},\"thumbnailUrl\":\"https:\/\/thaderradiofm.es\/wp-content\/uploads\/2022\/06\/Patricia-Fernandez-alcaldesa.jpg\",\"articleSection\":[\"Actualidad\"],\"inLanguage\":\"es\"},{\"@type\":\"WebPage\",\"@id\":\"https:\/\/thaderradiofm.es\/?p=692\",\"url\":\"https:\/\/thaderradiofm.es\/?p=692\",\"name\":\"La Alcaldesa de Archena, Patricia Fern\u00e1ndez y el Presidente de la Regi\u00f3n, Fernando L\u00f3pez Miras deben llegar a un acuerdo. - Thader Radio FM\",\"isPartOf\":{\"@id\":\"http:\/\/thaderradiofm.es\/#website\"},\"primaryImageOfPage\":{\"@id\":\"https:\/\/thaderradiofm.es\/?p=692#primaryimage\"},\"image\":{\"@id\":\"https:\/\/thaderradiofm.es\/?p=692#primaryimage\"},\"thumbnailUrl\":\"https:\/\/thaderradiofm.es\/wp-content\/uploads\/2022\/06\/Patricia-Fernandez-alcaldesa.jpg\",\"datePublished\":\"2022-06-23T08:58:23+00:00\",\"dateModified\":\"2022-06-23T08:58:23+00:00\",\"breadcrumb\":{\"@id\":\"https:\/\/thaderradiofm.es\/?p=692#breadcrumb\"},\"inLanguage\":\"es\",\"potentialAction\":[{\"@type\":\"ReadAction\",\"target\":[\"https:\/\/thaderradiofm.es\/?p=692\"]}]},{\"@type\":\"ImageObject\",\"inLanguage\":\"es\",\"@id\":\"https:\/\/thaderradiofm.es\/?p=692#primaryimage\",\"url\":\"https:\/\/thaderradiofm.es\/wp-content\/uploads\/2022\/06\/Patricia-Fernandez-alcaldesa.jpg\",\"contentUrl\":\"https:\/\/thaderradiofm.es\/wp-content\/uploads\/2022\/06\/Patricia-Fernandez-alcaldesa.jpg\",\"width\":420,\"height\":519},{\"@type\":\"BreadcrumbList\",\"@id\":\"https:\/\/thaderradiofm.es\/?p=692#breadcrumb\",\"itemListElement\":[{\"@type\":\"ListItem\",\"position\":1,\"name\":\"Portada\",\"item\":\"http:\/\/thaderradiofm.es\/\"},{\"@type\":\"ListItem\",\"position\":2,\"name\":\"La Alcaldesa de Archena, Patricia Fern\u00e1ndez y el Presidente de la Regi\u00f3n, Fernando L\u00f3pez Miras deben llegar a un acuerdo.\"}]},{\"@type\":\"WebSite\",\"@id\":\"http:\/\/thaderradiofm.es\/#website\",\"url\":\"http:\/\/thaderradiofm.es\/\",\"name\":\"Thader Radio FM\",\"description\":\"La Radio en Espa\u00f1ol\",\"publisher\":{\"@id\":\"http:\/\/thaderradiofm.es\/#organization\"},\"potentialAction\":[{\"@type\":\"SearchAction\",\"target\":{\"@type\":\"EntryPoint\",\"urlTemplate\":\"http:\/\/thaderradiofm.es\/?s={search_term_string}\"},\"query-input\":{\"@type\":\"PropertyValueSpecification\",\"valueRequired\":true,\"valueName\":\"search_term_string\"}}],\"inLanguage\":\"es\"},{\"@type\":\"Organization\",\"@id\":\"http:\/\/thaderradiofm.es\/#organization\",\"name\":\"Thader Radio FM\",\"url\":\"http:\/\/thaderradiofm.es\/\",\"logo\":{\"@type\":\"ImageObject\",\"inLanguage\":\"es\",\"@id\":\"http:\/\/thaderradiofm.es\/#\/schema\/logo\/image\/\",\"url\":\"https:\/\/thaderradiofm.es\/wp-content\/uploads\/2023\/02\/cropped-THADER-RADIO.jpg\",\"contentUrl\":\"https:\/\/thaderradiofm.es\/wp-content\/uploads\/2023\/02\/cropped-THADER-RADIO.jpg\",\"width\":514,\"height\":385,\"caption\":\"Thader Radio FM\"},\"image\":{\"@id\":\"http:\/\/thaderradiofm.es\/#\/schema\/logo\/image\/\"}},{\"@type\":\"Person\",\"@id\":\"http:\/\/thaderradiofm.es\/#\/schema\/person\/83fa03919671b30d343eb51bf18a9e2f\",\"name\":\"ThaderRadioFM\",\"image\":{\"@type\":\"ImageObject\",\"inLanguage\":\"es\",\"@id\":\"http:\/\/thaderradiofm.es\/#\/schema\/person\/image\/\",\"url\":\"https:\/\/secure.gravatar.com\/avatar\/2050f79275a4ad7fd9fd0007b778bf26a99a1fbb55d365236b72b07b4779d82c?s=96&d=mm&r=g\",\"contentUrl\":\"https:\/\/secure.gravatar.com\/avatar\/2050f79275a4ad7fd9fd0007b778bf26a99a1fbb55d365236b72b07b4779d82c?s=96&d=mm&r=g\",\"caption\":\"ThaderRadioFM\"},\"url\":\"https:\/\/thaderradiofm.es\/?author=2\"}]}<\/script>\n<!-- \/ Yoast SEO plugin. -->","yoast_head_json":{"title":"La Alcaldesa de Archena, Patricia Fern\u00e1ndez y el Presidente de la Regi\u00f3n, Fernando L\u00f3pez Miras deben llegar a un acuerdo. - Thader Radio FM","robots":{"index":"index","follow":"follow","max-snippet":"max-snippet:-1","max-image-preview":"max-image-preview:large","max-video-preview":"max-video-preview:-1"},"canonical":"https:\/\/thaderradiofm.es\/?p=692","og_locale":"es_ES","og_type":"article","og_title":"La Alcaldesa de Archena, Patricia Fern\u00e1ndez y el Presidente de la Regi\u00f3n, Fernando L\u00f3pez Miras deben llegar a un acuerdo. - Thader Radio FM","og_description":"Fernando L\u00f3pez Miras ya puede respirar tranquilo.\u00a0Ayer a las 19 horas terminaba el plazo para que los\u00a0candidatos a presidir el Partido Popular\u00a0presentaran sus avales y \u00e9l fue el \u00fanico en &hellip; Leer m\u00e1s","og_url":"https:\/\/thaderradiofm.es\/?p=692","og_site_name":"Thader Radio FM","article_published_time":"2022-06-23T08:58:23+00:00","og_image":[{"width":420,"height":519,"url":"https:\/\/thaderradiofm.es\/wp-content\/uploads\/2022\/06\/Patricia-Fernandez-alcaldesa.jpg","type":"image\/jpeg"}],"author":"ThaderRadioFM","twitter_card":"summary_large_image","twitter_misc":{"Escrito por":"ThaderRadioFM","Tiempo de lectura":"2 minutos"},"schema":{"@context":"https:\/\/schema.org","@graph":[{"@type":"Article","@id":"https:\/\/thaderradiofm.es\/?p=692#article","isPartOf":{"@id":"https:\/\/thaderradiofm.es\/?p=692"},"author":{"name":"ThaderRadioFM","@id":"http:\/\/thaderradiofm.es\/#\/schema\/person\/83fa03919671b30d343eb51bf18a9e2f"},"headline":"La Alcaldesa de Archena, Patricia Fern\u00e1ndez y el Presidente de la Regi\u00f3n, Fernando L\u00f3pez Miras deben llegar a un acuerdo.","datePublished":"2022-06-23T08:58:23+00:00","dateModified":"2022-06-23T08:58:23+00:00","mainEntityOfPage":{"@id":"https:\/\/thaderradiofm.es\/?p=692"},"wordCount":215,"publisher":{"@id":"http:\/\/thaderradiofm.es\/#organization"},"image":{"@id":"https:\/\/thaderradiofm.es\/?p=692#primaryimage"},"thumbnailUrl":"https:\/\/thaderradiofm.es\/wp-content\/uploads\/2022\/06\/Patricia-Fernandez-alcaldesa.jpg","articleSection":["Actualidad"],"inLanguage":"es"},{"@type":"WebPage","@id":"https:\/\/thaderradiofm.es\/?p=692","url":"https:\/\/thaderradiofm.es\/?p=692","name":"La Alcaldesa de Archena, Patricia Fern\u00e1ndez y el Presidente de la Regi\u00f3n, Fernando L\u00f3pez Miras deben llegar a un acuerdo. - Thader Radio FM","isPartOf":{"@id":"http:\/\/thaderradiofm.es\/#website"},"primaryImageOfPage":{"@id":"https:\/\/thaderradiofm.es\/?p=692#primaryimage"},"image":{"@id":"https:\/\/thaderradiofm.es\/?p=692#primaryimage"},"thumbnailUrl":"https:\/\/thaderradiofm.es\/wp-content\/uploads\/2022\/06\/Patricia-Fernandez-alcaldesa.jpg","datePublished":"2022-06-23T08:58:23+00:00","dateModified":"2022-06-23T08:58:23+00:00","breadcrumb":{"@id":"https:\/\/thaderradiofm.es\/?p=692#breadcrumb"},"inLanguage":"es","potentialAction":[{"@type":"ReadAction","target":["https:\/\/thaderradiofm.es\/?p=692"]}]},{"@type":"ImageObject","inLanguage":"es","@id":"https:\/\/thaderradiofm.es\/?p=692#primaryimage","url":"https:\/\/thaderradiofm.es\/wp-content\/uploads\/2022\/06\/Patricia-Fernandez-alcaldesa.jpg","contentUrl":"https:\/\/thaderradiofm.es\/wp-content\/uploads\/2022\/06\/Patricia-Fernandez-alcaldesa.jpg","width":420,"height":519},{"@type":"BreadcrumbList","@id":"https:\/\/thaderradiofm.es\/?p=692#breadcrumb","itemListElement":[{"@type":"ListItem","position":1,"name":"Portada","item":"http:\/\/thaderradiofm.es\/"},{"@type":"ListItem","position":2,"name":"La Alcaldesa de Archena, Patricia Fern\u00e1ndez y el Presidente de la Regi\u00f3n, Fernando L\u00f3pez Miras deben llegar a un acuerdo."}]},{"@type":"WebSite","@id":"http:\/\/thaderradiofm.es\/#website","url":"http:\/\/thaderradiofm.es\/","name":"Thader Radio FM","description":"La Radio en Espa\u00f1ol","publisher":{"@id":"http:\/\/thaderradiofm.es\/#organization"},"potentialAction":[{"@type":"SearchAction","target":{"@type":"EntryPoint","urlTemplate":"http:\/\/thaderradiofm.es\/?s={search_term_string}"},"query-input":{"@type":"PropertyValueSpecification","valueRequired":true,"valueName":"search_term_string"}}],"inLanguage":"es"},{"@type":"Organization","@id":"http:\/\/thaderradiofm.es\/#organization","name":"Thader Radio FM","url":"http:\/\/thaderradiofm.es\/","logo":{"@type":"ImageObject","inLanguage":"es","@id":"http:\/\/thaderradiofm.es\/#\/schema\/logo\/image\/","url":"https:\/\/thaderradiofm.es\/wp-content\/uploads\/2023\/02\/cropped-THADER-RADIO.jpg","contentUrl":"https:\/\/thaderradiofm.es\/wp-content\/uploads\/2023\/02\/cropped-THADER-RADIO.jpg","width":514,"height":385,"caption":"Thader Radio FM"},"image":{"@id":"http:\/\/thaderradiofm.es\/#\/schema\/logo\/image\/"}},{"@type":"Person","@id":"http:\/\/thaderradiofm.es\/#\/schema\/person\/83fa03919671b30d343eb51bf18a9e2f","name":"ThaderRadioFM","image":{"@type":"ImageObject","inLanguage":"es","@id":"http:\/\/thaderradiofm.es\/#\/schema\/person\/image\/","url":"https:\/\/secure.gravatar.com\/avatar\/2050f79275a4ad7fd9fd0007b778bf26a99a1fbb55d365236b72b07b4779d82c?s=96&d=mm&r=g","contentUrl":"https:\/\/secure.gravatar.com\/avatar\/2050f79275a4ad7fd9fd0007b778bf26a99a1fbb55d365236b72b07b4779d82c?s=96&d=mm&r=g","caption":"ThaderRadioFM"},"url":"https:\/\/thaderradiofm.es\/?author=2"}]}},"_links":{"self":[{"href":"https:\/\/thaderradiofm.es\/index.php?rest_route=\/wp\/v2\/posts\/692","targetHints":{"allow":["GET"]}}],"collection":[{"href":"https:\/\/thaderradiofm.es\/index.php?rest_route=\/wp\/v2\/posts"}],"about":[{"href":"https:\/\/thaderradiofm.es\/index.php?rest_route=\/wp\/v2\/types\/post"}],"author":[{"embeddable":true,"href":"https:\/\/thaderradiofm.es\/index.php?rest_route=\/wp\/v2\/users\/2"}],"replies":[{"embeddable":true,"href":"https:\/\/thaderradiofm.es\/index.php?rest_route=%2Fwp%2Fv2%2Fcomments&post=692"}],"version-history":[{"count":1,"href":"https:\/\/thaderradiofm.es\/index.php?rest_route=\/wp\/v2\/posts\/692\/revisions"}],"predecessor-version":[{"id":694,"href":"https:\/\/thaderradiofm.es\/index.php?rest_route=\/wp\/v2\/posts\/692\/revisions\/694"}],"wp:featuredmedia":[{"embeddable":true,"href":"https:\/\/thaderradiofm.es\/index.php?rest_route=\/wp\/v2\/media\/693"}],"wp:attachment":[{"href":"https:\/\/thaderradiofm.es\/index.php?rest_route=%2Fwp%2Fv2%2Fmedia&parent=692"}],"wp:term":[{"taxonomy":"category","embeddable":true,"href":"https:\/\/thaderradiofm.es\/index.php?rest_route=%2Fwp%2Fv2%2Fcategories&post=692"},{"taxonomy":"post_tag","embeddable":true,"href":"https:\/\/thaderradiofm.es\/index.php?rest_route=%2Fwp%2Fv2%2Ftags&post=692"}],"curies":[{"name":"wp","href":"https:\/\/api.w.org\/{rel}","templated":true}]}}