{"id":69,"date":"2014-02-26T14:13:33","date_gmt":"2014-02-26T14:13:33","guid":{"rendered":"http:\/\/localhost\/meg\/?p=69"},"modified":"2020-09-21T07:40:00","modified_gmt":"2020-09-21T07:40:00","slug":"change-your-shoes-before-go-to-forest","status":"publish","type":"post","link":"https:\/\/thaderradiofm.es\/?p=69","title":{"rendered":"\u00bfDESCONEXI\u00d3N AL ACABAR LA JORNADA LABORAL?"},"content":{"rendered":"<p>El 72,6% de los murcianos no desconecta despu\u00e9s de su jornada laboral, lo que supone el tercer mayor porcentaje de Espa\u00f1a, solo inferior al de castellanoleoneses y aragoneses. Est\u00e1 tres puntos por encima de la media nacional, seg\u00fan el estudio de opini\u00f3n &#8216;Bar\u00f3metro Tomate: \u00bfqu\u00e9 les preocupa a los espa\u00f1oles en su d\u00eda a d\u00eda?&#8217; elaborado por Orlando.<\/p>\n<p>El estudio fue realizado por la empresa demosc\u00f3pica Sondea y su prop\u00f3sito es analizar el estilo de vida y las inquietudes cotidianas de los espa\u00f1oles a trav\u00e9s de aspectos del d\u00eda a d\u00eda, como las relaciones personales, el trabajo, la tecnolog\u00eda, el consumo o la alimentaci\u00f3n.<\/p>\n<p>Entre las principales conclusiones relativas a la Regi\u00f3n de Murcia, destaca que&nbsp;el 64,8% de su poblaci\u00f3n declara estar satisfecha con su estilo de vida actual, un dato superior a la media nacional. El 20,3% asegura estarlo totalmente y el 44,5% est\u00e1 conforme, pero considera necesario desacelerar su ritmo de vida. El 29,6% no lo est\u00e1, aunque piensa que esta situaci\u00f3n podr\u00eda mejorar con peque\u00f1os esfuerzos cotidianos.<\/p>\n","protected":false},"excerpt":{"rendered":"<p>El 72,6% de los murcianos no desconecta despu\u00e9s de su jornada laboral, lo que supone el tercer mayor porcentaje de Espa\u00f1a, solo inferior al de castellanoleoneses y aragoneses. Est\u00e1 tres &hellip; <a href=\"https:\/\/thaderradiofm.es\/?p=69\" class=\"more-link\">Leer m\u00e1s<\/a><\/p>\n","protected":false},"author":1,"featured_media":559,"comment_status":"open","ping_status":"open","sticky":false,"template":"","format":"standard","meta":{"footnotes":""},"categories":[6],"tags":[],"class_list":["post-69","post","type-post","status-publish","format-standard","has-post-thumbnail","hentry","category-actualidad","entry"],"yoast_head":"<!-- This site is optimized with the Yoast SEO plugin v23.9 - https:\/\/yoast.com\/wordpress\/plugins\/seo\/ -->\n<title>\u00bfDESCONEXI\u00d3N AL ACABAR LA JORNADA LABORAL? - Thader Radio FM<\/title>\n<meta name=\"robots\" content=\"index, follow, max-snippet:-1, max-image-preview:large, max-video-preview:-1\" \/>\n<link rel=\"canonical\" href=\"https:\/\/thaderradiofm.es\/?p=69\" \/>\n<meta property=\"og:locale\" content=\"es_ES\" \/>\n<meta property=\"og:type\" content=\"article\" \/>\n<meta property=\"og:title\" content=\"\u00bfDESCONEXI\u00d3N AL ACABAR LA JORNADA LABORAL? - Thader Radio FM\" \/>\n<meta property=\"og:description\" content=\"El 72,6% de los murcianos no desconecta despu\u00e9s de su jornada laboral, lo que supone el tercer mayor porcentaje de Espa\u00f1a, solo inferior al de castellanoleoneses y aragoneses. Est\u00e1 tres &hellip; Leer m\u00e1s\" \/>\n<meta property=\"og:url\" content=\"https:\/\/thaderradiofm.es\/?p=69\" \/>\n<meta property=\"og:site_name\" content=\"Thader Radio FM\" \/>\n<meta property=\"article:published_time\" content=\"2014-02-26T14:13:33+00:00\" \/>\n<meta property=\"article:modified_time\" content=\"2020-09-21T07:40:00+00:00\" \/>\n<meta property=\"og:image\" content=\"https:\/\/thaderradiofm.es\/wp-content\/uploads\/2014\/02\/movil.jpg\" \/>\n\t<meta property=\"og:image:width\" content=\"1600\" \/>\n\t<meta property=\"og:image:height\" content=\"900\" \/>\n\t<meta property=\"og:image:type\" content=\"image\/jpeg\" \/>\n<meta name=\"author\" content=\"admin\" \/>\n<meta name=\"twitter:card\" content=\"summary_large_image\" \/>\n<meta name=\"twitter:label1\" content=\"Escrito por\" \/>\n\t<meta name=\"twitter:data1\" content=\"admin\" \/>\n\t<meta name=\"twitter:label2\" content=\"Tiempo de lectura\" \/>\n\t<meta name=\"twitter:data2\" content=\"1 minuto\" \/>\n<script type=\"application\/ld+json\" class=\"yoast-schema-graph\">{\"@context\":\"https:\/\/schema.org\",\"@graph\":[{\"@type\":\"Article\",\"@id\":\"https:\/\/thaderradiofm.es\/?p=69#article\",\"isPartOf\":{\"@id\":\"https:\/\/thaderradiofm.es\/?p=69\"},\"author\":{\"name\":\"admin\",\"@id\":\"http:\/\/thaderradiofm.es\/#\/schema\/person\/c5f6f440ee7e91858a82e56a7795370f\"},\"headline\":\"\u00bfDESCONEXI\u00d3N AL ACABAR LA JORNADA LABORAL?\",\"datePublished\":\"2014-02-26T14:13:33+00:00\",\"dateModified\":\"2020-09-21T07:40:00+00:00\",\"mainEntityOfPage\":{\"@id\":\"https:\/\/thaderradiofm.es\/?p=69\"},\"wordCount\":195,\"commentCount\":0,\"publisher\":{\"@id\":\"http:\/\/thaderradiofm.es\/#organization\"},\"image\":{\"@id\":\"https:\/\/thaderradiofm.es\/?p=69#primaryimage\"},\"thumbnailUrl\":\"https:\/\/thaderradiofm.es\/wp-content\/uploads\/2014\/02\/movil.jpg\",\"articleSection\":[\"Actualidad\"],\"inLanguage\":\"es\",\"potentialAction\":[{\"@type\":\"CommentAction\",\"name\":\"Comment\",\"target\":[\"https:\/\/thaderradiofm.es\/?p=69#respond\"]}]},{\"@type\":\"WebPage\",\"@id\":\"https:\/\/thaderradiofm.es\/?p=69\",\"url\":\"https:\/\/thaderradiofm.es\/?p=69\",\"name\":\"\u00bfDESCONEXI\u00d3N AL ACABAR LA JORNADA LABORAL? - Thader Radio FM\",\"isPartOf\":{\"@id\":\"http:\/\/thaderradiofm.es\/#website\"},\"primaryImageOfPage\":{\"@id\":\"https:\/\/thaderradiofm.es\/?p=69#primaryimage\"},\"image\":{\"@id\":\"https:\/\/thaderradiofm.es\/?p=69#primaryimage\"},\"thumbnailUrl\":\"https:\/\/thaderradiofm.es\/wp-content\/uploads\/2014\/02\/movil.jpg\",\"datePublished\":\"2014-02-26T14:13:33+00:00\",\"dateModified\":\"2020-09-21T07:40:00+00:00\",\"breadcrumb\":{\"@id\":\"https:\/\/thaderradiofm.es\/?p=69#breadcrumb\"},\"inLanguage\":\"es\",\"potentialAction\":[{\"@type\":\"ReadAction\",\"target\":[\"https:\/\/thaderradiofm.es\/?p=69\"]}]},{\"@type\":\"ImageObject\",\"inLanguage\":\"es\",\"@id\":\"https:\/\/thaderradiofm.es\/?p=69#primaryimage\",\"url\":\"https:\/\/thaderradiofm.es\/wp-content\/uploads\/2014\/02\/movil.jpg\",\"contentUrl\":\"https:\/\/thaderradiofm.es\/wp-content\/uploads\/2014\/02\/movil.jpg\",\"width\":1600,\"height\":900},{\"@type\":\"BreadcrumbList\",\"@id\":\"https:\/\/thaderradiofm.es\/?p=69#breadcrumb\",\"itemListElement\":[{\"@type\":\"ListItem\",\"position\":1,\"name\":\"Portada\",\"item\":\"http:\/\/thaderradiofm.es\/\"},{\"@type\":\"ListItem\",\"position\":2,\"name\":\"\u00bfDESCONEXI\u00d3N AL ACABAR LA JORNADA LABORAL?\"}]},{\"@type\":\"WebSite\",\"@id\":\"http:\/\/thaderradiofm.es\/#website\",\"url\":\"http:\/\/thaderradiofm.es\/\",\"name\":\"Thader Radio FM\",\"description\":\"La Radio en Espa\u00f1ol\",\"publisher\":{\"@id\":\"http:\/\/thaderradiofm.es\/#organization\"},\"potentialAction\":[{\"@type\":\"SearchAction\",\"target\":{\"@type\":\"EntryPoint\",\"urlTemplate\":\"http:\/\/thaderradiofm.es\/?s={search_term_string}\"},\"query-input\":{\"@type\":\"PropertyValueSpecification\",\"valueRequired\":true,\"valueName\":\"search_term_string\"}}],\"inLanguage\":\"es\"},{\"@type\":\"Organization\",\"@id\":\"http:\/\/thaderradiofm.es\/#organization\",\"name\":\"Thader Radio FM\",\"url\":\"http:\/\/thaderradiofm.es\/\",\"logo\":{\"@type\":\"ImageObject\",\"inLanguage\":\"es\",\"@id\":\"http:\/\/thaderradiofm.es\/#\/schema\/logo\/image\/\",\"url\":\"https:\/\/thaderradiofm.es\/wp-content\/uploads\/2023\/02\/cropped-THADER-RADIO.jpg\",\"contentUrl\":\"https:\/\/thaderradiofm.es\/wp-content\/uploads\/2023\/02\/cropped-THADER-RADIO.jpg\",\"width\":514,\"height\":385,\"caption\":\"Thader Radio FM\"},\"image\":{\"@id\":\"http:\/\/thaderradiofm.es\/#\/schema\/logo\/image\/\"}},{\"@type\":\"Person\",\"@id\":\"http:\/\/thaderradiofm.es\/#\/schema\/person\/c5f6f440ee7e91858a82e56a7795370f\",\"name\":\"admin\",\"image\":{\"@type\":\"ImageObject\",\"inLanguage\":\"es\",\"@id\":\"http:\/\/thaderradiofm.es\/#\/schema\/person\/image\/\",\"url\":\"https:\/\/secure.gravatar.com\/avatar\/efc74c7514f8ff7a0537a92b6da6e8e217be29ae0f00aee634f803567b2e8eff?s=96&d=mm&r=g\",\"contentUrl\":\"https:\/\/secure.gravatar.com\/avatar\/efc74c7514f8ff7a0537a92b6da6e8e217be29ae0f00aee634f803567b2e8eff?s=96&d=mm&r=g\",\"caption\":\"admin\"},\"url\":\"https:\/\/thaderradiofm.es\/?author=1\"}]}<\/script>\n<!-- \/ Yoast SEO plugin. -->","yoast_head_json":{"title":"\u00bfDESCONEXI\u00d3N AL ACABAR LA JORNADA LABORAL? - Thader Radio FM","robots":{"index":"index","follow":"follow","max-snippet":"max-snippet:-1","max-image-preview":"max-image-preview:large","max-video-preview":"max-video-preview:-1"},"canonical":"https:\/\/thaderradiofm.es\/?p=69","og_locale":"es_ES","og_type":"article","og_title":"\u00bfDESCONEXI\u00d3N AL ACABAR LA JORNADA LABORAL? - Thader Radio FM","og_description":"El 72,6% de los murcianos no desconecta despu\u00e9s de su jornada laboral, lo que supone el tercer mayor porcentaje de Espa\u00f1a, solo inferior al de castellanoleoneses y aragoneses. Est\u00e1 tres &hellip; Leer m\u00e1s","og_url":"https:\/\/thaderradiofm.es\/?p=69","og_site_name":"Thader Radio FM","article_published_time":"2014-02-26T14:13:33+00:00","article_modified_time":"2020-09-21T07:40:00+00:00","og_image":[{"width":1600,"height":900,"url":"https:\/\/thaderradiofm.es\/wp-content\/uploads\/2014\/02\/movil.jpg","type":"image\/jpeg"}],"author":"admin","twitter_card":"summary_large_image","twitter_misc":{"Escrito por":"admin","Tiempo de lectura":"1 minuto"},"schema":{"@context":"https:\/\/schema.org","@graph":[{"@type":"Article","@id":"https:\/\/thaderradiofm.es\/?p=69#article","isPartOf":{"@id":"https:\/\/thaderradiofm.es\/?p=69"},"author":{"name":"admin","@id":"http:\/\/thaderradiofm.es\/#\/schema\/person\/c5f6f440ee7e91858a82e56a7795370f"},"headline":"\u00bfDESCONEXI\u00d3N AL ACABAR LA JORNADA LABORAL?","datePublished":"2014-02-26T14:13:33+00:00","dateModified":"2020-09-21T07:40:00+00:00","mainEntityOfPage":{"@id":"https:\/\/thaderradiofm.es\/?p=69"},"wordCount":195,"commentCount":0,"publisher":{"@id":"http:\/\/thaderradiofm.es\/#organization"},"image":{"@id":"https:\/\/thaderradiofm.es\/?p=69#primaryimage"},"thumbnailUrl":"https:\/\/thaderradiofm.es\/wp-content\/uploads\/2014\/02\/movil.jpg","articleSection":["Actualidad"],"inLanguage":"es","potentialAction":[{"@type":"CommentAction","name":"Comment","target":["https:\/\/thaderradiofm.es\/?p=69#respond"]}]},{"@type":"WebPage","@id":"https:\/\/thaderradiofm.es\/?p=69","url":"https:\/\/thaderradiofm.es\/?p=69","name":"\u00bfDESCONEXI\u00d3N AL ACABAR LA JORNADA LABORAL? - Thader Radio FM","isPartOf":{"@id":"http:\/\/thaderradiofm.es\/#website"},"primaryImageOfPage":{"@id":"https:\/\/thaderradiofm.es\/?p=69#primaryimage"},"image":{"@id":"https:\/\/thaderradiofm.es\/?p=69#primaryimage"},"thumbnailUrl":"https:\/\/thaderradiofm.es\/wp-content\/uploads\/2014\/02\/movil.jpg","datePublished":"2014-02-26T14:13:33+00:00","dateModified":"2020-09-21T07:40:00+00:00","breadcrumb":{"@id":"https:\/\/thaderradiofm.es\/?p=69#breadcrumb"},"inLanguage":"es","potentialAction":[{"@type":"ReadAction","target":["https:\/\/thaderradiofm.es\/?p=69"]}]},{"@type":"ImageObject","inLanguage":"es","@id":"https:\/\/thaderradiofm.es\/?p=69#primaryimage","url":"https:\/\/thaderradiofm.es\/wp-content\/uploads\/2014\/02\/movil.jpg","contentUrl":"https:\/\/thaderradiofm.es\/wp-content\/uploads\/2014\/02\/movil.jpg","width":1600,"height":900},{"@type":"BreadcrumbList","@id":"https:\/\/thaderradiofm.es\/?p=69#breadcrumb","itemListElement":[{"@type":"ListItem","position":1,"name":"Portada","item":"http:\/\/thaderradiofm.es\/"},{"@type":"ListItem","position":2,"name":"\u00bfDESCONEXI\u00d3N AL ACABAR LA JORNADA LABORAL?"}]},{"@type":"WebSite","@id":"http:\/\/thaderradiofm.es\/#website","url":"http:\/\/thaderradiofm.es\/","name":"Thader Radio FM","description":"La Radio en Espa\u00f1ol","publisher":{"@id":"http:\/\/thaderradiofm.es\/#organization"},"potentialAction":[{"@type":"SearchAction","target":{"@type":"EntryPoint","urlTemplate":"http:\/\/thaderradiofm.es\/?s={search_term_string}"},"query-input":{"@type":"PropertyValueSpecification","valueRequired":true,"valueName":"search_term_string"}}],"inLanguage":"es"},{"@type":"Organization","@id":"http:\/\/thaderradiofm.es\/#organization","name":"Thader Radio FM","url":"http:\/\/thaderradiofm.es\/","logo":{"@type":"ImageObject","inLanguage":"es","@id":"http:\/\/thaderradiofm.es\/#\/schema\/logo\/image\/","url":"https:\/\/thaderradiofm.es\/wp-content\/uploads\/2023\/02\/cropped-THADER-RADIO.jpg","contentUrl":"https:\/\/thaderradiofm.es\/wp-content\/uploads\/2023\/02\/cropped-THADER-RADIO.jpg","width":514,"height":385,"caption":"Thader Radio FM"},"image":{"@id":"http:\/\/thaderradiofm.es\/#\/schema\/logo\/image\/"}},{"@type":"Person","@id":"http:\/\/thaderradiofm.es\/#\/schema\/person\/c5f6f440ee7e91858a82e56a7795370f","name":"admin","image":{"@type":"ImageObject","inLanguage":"es","@id":"http:\/\/thaderradiofm.es\/#\/schema\/person\/image\/","url":"https:\/\/secure.gravatar.com\/avatar\/efc74c7514f8ff7a0537a92b6da6e8e217be29ae0f00aee634f803567b2e8eff?s=96&d=mm&r=g","contentUrl":"https:\/\/secure.gravatar.com\/avatar\/efc74c7514f8ff7a0537a92b6da6e8e217be29ae0f00aee634f803567b2e8eff?s=96&d=mm&r=g","caption":"admin"},"url":"https:\/\/thaderradiofm.es\/?author=1"}]}},"_links":{"self":[{"href":"https:\/\/thaderradiofm.es\/index.php?rest_route=\/wp\/v2\/posts\/69","targetHints":{"allow":["GET"]}}],"collection":[{"href":"https:\/\/thaderradiofm.es\/index.php?rest_route=\/wp\/v2\/posts"}],"about":[{"href":"https:\/\/thaderradiofm.es\/index.php?rest_route=\/wp\/v2\/types\/post"}],"author":[{"embeddable":true,"href":"https:\/\/thaderradiofm.es\/index.php?rest_route=\/wp\/v2\/users\/1"}],"replies":[{"embeddable":true,"href":"https:\/\/thaderradiofm.es\/index.php?rest_route=%2Fwp%2Fv2%2Fcomments&post=69"}],"version-history":[{"count":3,"href":"https:\/\/thaderradiofm.es\/index.php?rest_route=\/wp\/v2\/posts\/69\/revisions"}],"predecessor-version":[{"id":560,"href":"https:\/\/thaderradiofm.es\/index.php?rest_route=\/wp\/v2\/posts\/69\/revisions\/560"}],"wp:featuredmedia":[{"embeddable":true,"href":"https:\/\/thaderradiofm.es\/index.php?rest_route=\/wp\/v2\/media\/559"}],"wp:attachment":[{"href":"https:\/\/thaderradiofm.es\/index.php?rest_route=%2Fwp%2Fv2%2Fmedia&parent=69"}],"wp:term":[{"taxonomy":"category","embeddable":true,"href":"https:\/\/thaderradiofm.es\/index.php?rest_route=%2Fwp%2Fv2%2Fcategories&post=69"},{"taxonomy":"post_tag","embeddable":true,"href":"https:\/\/thaderradiofm.es\/index.php?rest_route=%2Fwp%2Fv2%2Ftags&post=69"}],"curies":[{"name":"wp","href":"https:\/\/api.w.org\/{rel}","templated":true}]}}