{"id":642,"date":"2022-06-07T07:12:55","date_gmt":"2022-06-07T07:12:55","guid":{"rendered":"http:\/\/thaderradiofm.es\/?p=642"},"modified":"2022-06-08T09:08:11","modified_gmt":"2022-06-08T09:08:11","slug":"los-cursos-covid-dejan-las-notas-de-corte-mas-altas-en-anos-en-las-universidades-murcianas","status":"publish","type":"post","link":"https:\/\/thaderradiofm.es\/?p=642","title":{"rendered":"Los \u00abcursos Covid\u00bb dejan las notas de corte m\u00e1s altas en a\u00f1os en las universidades murcianas."},"content":{"rendered":"\n<p>Las pruebas de la Evaluaci\u00f3n del Bachillerato para Acceso a la Universidad 2022 han comenzado en la Regi\u00f3n de Murcia el pasado lunes 6 de junio en el que un total de 7428 estudiantes realizaron la fase general. A partir del martes se le sumar\u00e1n otros 1024 inscritos en fase voluntaria. En total se presentar\u00e1n 8452 alumnos en las doce sedes habilitadas en toda la Regi\u00f3n.<\/p>\n\n\n\n<div class=\"wp-block-image\"><figure class=\"aligncenter size-large\"><img loading=\"lazy\" decoding=\"async\" width=\"1024\" height=\"369\" src=\"http:\/\/thaderradiofm.es\/wp-content\/uploads\/2022\/06\/EBAU-Murcia-fuera-1-1024x369.jpg\" alt=\"\" class=\"wp-image-646\" srcset=\"https:\/\/thaderradiofm.es\/wp-content\/uploads\/2022\/06\/EBAU-Murcia-fuera-1-1024x369.jpg 1024w, https:\/\/thaderradiofm.es\/wp-content\/uploads\/2022\/06\/EBAU-Murcia-fuera-1-300x108.jpg 300w, https:\/\/thaderradiofm.es\/wp-content\/uploads\/2022\/06\/EBAU-Murcia-fuera-1-768x277.jpg 768w, https:\/\/thaderradiofm.es\/wp-content\/uploads\/2022\/06\/EBAU-Murcia-fuera-1.jpg 1167w\" sizes=\"auto, (max-width: 1024px) 100vw, 1024px\" \/><figcaption>Alumnos esperando para entrar a un examen.<\/figcaption><\/figure><\/div>\n\n\n\n<p>Los alumnos ser\u00e1n citados a las 8:45 en los puntos del exterior que previamente ya conocen, desde la Universidad e Murcia recomiendan a quienes se examinan lleguen con tiempo para evitar posibles problemas de tr\u00e1fico.<\/p>\n\n\n\n<p>Todos los detalles en relaci\u00f3n a los ex\u00e1menes, as\u00ed como la asignaci\u00f3n de sedes por institutos y horarios de las pruebas se pueden consultar en la p\u00e1gina web de la Universidad de Murcia, encargada de la organizaci\u00f3n de la EBAU en colaboraci\u00f3n con la Universidad Polit\u00e9cnica de Cartagena.<\/p>\n","protected":false},"excerpt":{"rendered":"<p>Las pruebas de la Evaluaci\u00f3n del Bachillerato para Acceso a la Universidad 2022 han comenzado en la Regi\u00f3n de Murcia el pasado lunes 6 de junio en el que un &hellip; <a href=\"https:\/\/thaderradiofm.es\/?p=642\" class=\"more-link\">Leer m\u00e1s<\/a><\/p>\n","protected":false},"author":2,"featured_media":644,"comment_status":"closed","ping_status":"open","sticky":false,"template":"","format":"standard","meta":{"footnotes":""},"categories":[6],"tags":[],"class_list":["post-642","post","type-post","status-publish","format-standard","has-post-thumbnail","hentry","category-actualidad","entry"],"yoast_head":"<!-- This site is optimized with the Yoast SEO plugin v23.9 - https:\/\/yoast.com\/wordpress\/plugins\/seo\/ -->\n<title>Los &quot;cursos Covid&quot; dejan las notas de corte m\u00e1s altas en a\u00f1os en las universidades murcianas. - Thader Radio FM<\/title>\n<meta name=\"robots\" content=\"index, follow, max-snippet:-1, max-image-preview:large, max-video-preview:-1\" \/>\n<link rel=\"canonical\" href=\"https:\/\/thaderradiofm.es\/?p=642\" \/>\n<meta property=\"og:locale\" content=\"es_ES\" \/>\n<meta property=\"og:type\" content=\"article\" \/>\n<meta property=\"og:title\" content=\"Los &quot;cursos Covid&quot; dejan las notas de corte m\u00e1s altas en a\u00f1os en las universidades murcianas. - Thader Radio FM\" \/>\n<meta property=\"og:description\" content=\"Las pruebas de la Evaluaci\u00f3n del Bachillerato para Acceso a la Universidad 2022 han comenzado en la Regi\u00f3n de Murcia el pasado lunes 6 de junio en el que un &hellip; Leer m\u00e1s\" \/>\n<meta property=\"og:url\" content=\"https:\/\/thaderradiofm.es\/?p=642\" \/>\n<meta property=\"og:site_name\" content=\"Thader Radio FM\" \/>\n<meta property=\"article:published_time\" content=\"2022-06-07T07:12:55+00:00\" \/>\n<meta property=\"article:modified_time\" content=\"2022-06-08T09:08:11+00:00\" \/>\n<meta property=\"og:image\" content=\"https:\/\/thaderradiofm.es\/wp-content\/uploads\/2022\/06\/EBAU-Murcia.jpg\" \/>\n\t<meta property=\"og:image:width\" content=\"768\" \/>\n\t<meta property=\"og:image:height\" content=\"513\" \/>\n\t<meta property=\"og:image:type\" content=\"image\/jpeg\" \/>\n<meta name=\"author\" content=\"ThaderRadioFM\" \/>\n<meta name=\"twitter:card\" content=\"summary_large_image\" \/>\n<meta name=\"twitter:label1\" content=\"Escrito por\" \/>\n\t<meta name=\"twitter:data1\" content=\"ThaderRadioFM\" \/>\n\t<meta name=\"twitter:label2\" content=\"Tiempo de lectura\" \/>\n\t<meta name=\"twitter:data2\" content=\"1 minuto\" \/>\n<script type=\"application\/ld+json\" class=\"yoast-schema-graph\">{\"@context\":\"https:\/\/schema.org\",\"@graph\":[{\"@type\":\"Article\",\"@id\":\"https:\/\/thaderradiofm.es\/?p=642#article\",\"isPartOf\":{\"@id\":\"https:\/\/thaderradiofm.es\/?p=642\"},\"author\":{\"name\":\"ThaderRadioFM\",\"@id\":\"http:\/\/thaderradiofm.es\/#\/schema\/person\/83fa03919671b30d343eb51bf18a9e2f\"},\"headline\":\"Los \u00abcursos Covid\u00bb dejan las notas de corte m\u00e1s altas en a\u00f1os en las universidades murcianas.\",\"datePublished\":\"2022-06-07T07:12:55+00:00\",\"dateModified\":\"2022-06-08T09:08:11+00:00\",\"mainEntityOfPage\":{\"@id\":\"https:\/\/thaderradiofm.es\/?p=642\"},\"wordCount\":182,\"publisher\":{\"@id\":\"http:\/\/thaderradiofm.es\/#organization\"},\"image\":{\"@id\":\"https:\/\/thaderradiofm.es\/?p=642#primaryimage\"},\"thumbnailUrl\":\"https:\/\/thaderradiofm.es\/wp-content\/uploads\/2022\/06\/EBAU-Murcia.jpg\",\"articleSection\":[\"Actualidad\"],\"inLanguage\":\"es\"},{\"@type\":\"WebPage\",\"@id\":\"https:\/\/thaderradiofm.es\/?p=642\",\"url\":\"https:\/\/thaderradiofm.es\/?p=642\",\"name\":\"Los \\\"cursos Covid\\\" dejan las notas de corte m\u00e1s altas en a\u00f1os en las universidades murcianas. - Thader Radio FM\",\"isPartOf\":{\"@id\":\"http:\/\/thaderradiofm.es\/#website\"},\"primaryImageOfPage\":{\"@id\":\"https:\/\/thaderradiofm.es\/?p=642#primaryimage\"},\"image\":{\"@id\":\"https:\/\/thaderradiofm.es\/?p=642#primaryimage\"},\"thumbnailUrl\":\"https:\/\/thaderradiofm.es\/wp-content\/uploads\/2022\/06\/EBAU-Murcia.jpg\",\"datePublished\":\"2022-06-07T07:12:55+00:00\",\"dateModified\":\"2022-06-08T09:08:11+00:00\",\"breadcrumb\":{\"@id\":\"https:\/\/thaderradiofm.es\/?p=642#breadcrumb\"},\"inLanguage\":\"es\",\"potentialAction\":[{\"@type\":\"ReadAction\",\"target\":[\"https:\/\/thaderradiofm.es\/?p=642\"]}]},{\"@type\":\"ImageObject\",\"inLanguage\":\"es\",\"@id\":\"https:\/\/thaderradiofm.es\/?p=642#primaryimage\",\"url\":\"https:\/\/thaderradiofm.es\/wp-content\/uploads\/2022\/06\/EBAU-Murcia.jpg\",\"contentUrl\":\"https:\/\/thaderradiofm.es\/wp-content\/uploads\/2022\/06\/EBAU-Murcia.jpg\",\"width\":768,\"height\":513},{\"@type\":\"BreadcrumbList\",\"@id\":\"https:\/\/thaderradiofm.es\/?p=642#breadcrumb\",\"itemListElement\":[{\"@type\":\"ListItem\",\"position\":1,\"name\":\"Portada\",\"item\":\"http:\/\/thaderradiofm.es\/\"},{\"@type\":\"ListItem\",\"position\":2,\"name\":\"Los \u00abcursos Covid\u00bb dejan las notas de corte m\u00e1s altas en a\u00f1os en las universidades murcianas.\"}]},{\"@type\":\"WebSite\",\"@id\":\"http:\/\/thaderradiofm.es\/#website\",\"url\":\"http:\/\/thaderradiofm.es\/\",\"name\":\"Thader Radio FM\",\"description\":\"La Radio en Espa\u00f1ol\",\"publisher\":{\"@id\":\"http:\/\/thaderradiofm.es\/#organization\"},\"potentialAction\":[{\"@type\":\"SearchAction\",\"target\":{\"@type\":\"EntryPoint\",\"urlTemplate\":\"http:\/\/thaderradiofm.es\/?s={search_term_string}\"},\"query-input\":{\"@type\":\"PropertyValueSpecification\",\"valueRequired\":true,\"valueName\":\"search_term_string\"}}],\"inLanguage\":\"es\"},{\"@type\":\"Organization\",\"@id\":\"http:\/\/thaderradiofm.es\/#organization\",\"name\":\"Thader Radio FM\",\"url\":\"http:\/\/thaderradiofm.es\/\",\"logo\":{\"@type\":\"ImageObject\",\"inLanguage\":\"es\",\"@id\":\"http:\/\/thaderradiofm.es\/#\/schema\/logo\/image\/\",\"url\":\"https:\/\/thaderradiofm.es\/wp-content\/uploads\/2023\/02\/cropped-THADER-RADIO.jpg\",\"contentUrl\":\"https:\/\/thaderradiofm.es\/wp-content\/uploads\/2023\/02\/cropped-THADER-RADIO.jpg\",\"width\":514,\"height\":385,\"caption\":\"Thader Radio FM\"},\"image\":{\"@id\":\"http:\/\/thaderradiofm.es\/#\/schema\/logo\/image\/\"}},{\"@type\":\"Person\",\"@id\":\"http:\/\/thaderradiofm.es\/#\/schema\/person\/83fa03919671b30d343eb51bf18a9e2f\",\"name\":\"ThaderRadioFM\",\"image\":{\"@type\":\"ImageObject\",\"inLanguage\":\"es\",\"@id\":\"http:\/\/thaderradiofm.es\/#\/schema\/person\/image\/\",\"url\":\"https:\/\/secure.gravatar.com\/avatar\/2050f79275a4ad7fd9fd0007b778bf26a99a1fbb55d365236b72b07b4779d82c?s=96&d=mm&r=g\",\"contentUrl\":\"https:\/\/secure.gravatar.com\/avatar\/2050f79275a4ad7fd9fd0007b778bf26a99a1fbb55d365236b72b07b4779d82c?s=96&d=mm&r=g\",\"caption\":\"ThaderRadioFM\"},\"url\":\"https:\/\/thaderradiofm.es\/?author=2\"}]}<\/script>\n<!-- \/ Yoast SEO plugin. -->","yoast_head_json":{"title":"Los \"cursos Covid\" dejan las notas de corte m\u00e1s altas en a\u00f1os en las universidades murcianas. - Thader Radio FM","robots":{"index":"index","follow":"follow","max-snippet":"max-snippet:-1","max-image-preview":"max-image-preview:large","max-video-preview":"max-video-preview:-1"},"canonical":"https:\/\/thaderradiofm.es\/?p=642","og_locale":"es_ES","og_type":"article","og_title":"Los \"cursos Covid\" dejan las notas de corte m\u00e1s altas en a\u00f1os en las universidades murcianas. - Thader Radio FM","og_description":"Las pruebas de la Evaluaci\u00f3n del Bachillerato para Acceso a la Universidad 2022 han comenzado en la Regi\u00f3n de Murcia el pasado lunes 6 de junio en el que un &hellip; Leer m\u00e1s","og_url":"https:\/\/thaderradiofm.es\/?p=642","og_site_name":"Thader Radio FM","article_published_time":"2022-06-07T07:12:55+00:00","article_modified_time":"2022-06-08T09:08:11+00:00","og_image":[{"width":768,"height":513,"url":"https:\/\/thaderradiofm.es\/wp-content\/uploads\/2022\/06\/EBAU-Murcia.jpg","type":"image\/jpeg"}],"author":"ThaderRadioFM","twitter_card":"summary_large_image","twitter_misc":{"Escrito por":"ThaderRadioFM","Tiempo de lectura":"1 minuto"},"schema":{"@context":"https:\/\/schema.org","@graph":[{"@type":"Article","@id":"https:\/\/thaderradiofm.es\/?p=642#article","isPartOf":{"@id":"https:\/\/thaderradiofm.es\/?p=642"},"author":{"name":"ThaderRadioFM","@id":"http:\/\/thaderradiofm.es\/#\/schema\/person\/83fa03919671b30d343eb51bf18a9e2f"},"headline":"Los \u00abcursos Covid\u00bb dejan las notas de corte m\u00e1s altas en a\u00f1os en las universidades murcianas.","datePublished":"2022-06-07T07:12:55+00:00","dateModified":"2022-06-08T09:08:11+00:00","mainEntityOfPage":{"@id":"https:\/\/thaderradiofm.es\/?p=642"},"wordCount":182,"publisher":{"@id":"http:\/\/thaderradiofm.es\/#organization"},"image":{"@id":"https:\/\/thaderradiofm.es\/?p=642#primaryimage"},"thumbnailUrl":"https:\/\/thaderradiofm.es\/wp-content\/uploads\/2022\/06\/EBAU-Murcia.jpg","articleSection":["Actualidad"],"inLanguage":"es"},{"@type":"WebPage","@id":"https:\/\/thaderradiofm.es\/?p=642","url":"https:\/\/thaderradiofm.es\/?p=642","name":"Los \"cursos Covid\" dejan las notas de corte m\u00e1s altas en a\u00f1os en las universidades murcianas. - Thader Radio FM","isPartOf":{"@id":"http:\/\/thaderradiofm.es\/#website"},"primaryImageOfPage":{"@id":"https:\/\/thaderradiofm.es\/?p=642#primaryimage"},"image":{"@id":"https:\/\/thaderradiofm.es\/?p=642#primaryimage"},"thumbnailUrl":"https:\/\/thaderradiofm.es\/wp-content\/uploads\/2022\/06\/EBAU-Murcia.jpg","datePublished":"2022-06-07T07:12:55+00:00","dateModified":"2022-06-08T09:08:11+00:00","breadcrumb":{"@id":"https:\/\/thaderradiofm.es\/?p=642#breadcrumb"},"inLanguage":"es","potentialAction":[{"@type":"ReadAction","target":["https:\/\/thaderradiofm.es\/?p=642"]}]},{"@type":"ImageObject","inLanguage":"es","@id":"https:\/\/thaderradiofm.es\/?p=642#primaryimage","url":"https:\/\/thaderradiofm.es\/wp-content\/uploads\/2022\/06\/EBAU-Murcia.jpg","contentUrl":"https:\/\/thaderradiofm.es\/wp-content\/uploads\/2022\/06\/EBAU-Murcia.jpg","width":768,"height":513},{"@type":"BreadcrumbList","@id":"https:\/\/thaderradiofm.es\/?p=642#breadcrumb","itemListElement":[{"@type":"ListItem","position":1,"name":"Portada","item":"http:\/\/thaderradiofm.es\/"},{"@type":"ListItem","position":2,"name":"Los \u00abcursos Covid\u00bb dejan las notas de corte m\u00e1s altas en a\u00f1os en las universidades murcianas."}]},{"@type":"WebSite","@id":"http:\/\/thaderradiofm.es\/#website","url":"http:\/\/thaderradiofm.es\/","name":"Thader Radio FM","description":"La Radio en Espa\u00f1ol","publisher":{"@id":"http:\/\/thaderradiofm.es\/#organization"},"potentialAction":[{"@type":"SearchAction","target":{"@type":"EntryPoint","urlTemplate":"http:\/\/thaderradiofm.es\/?s={search_term_string}"},"query-input":{"@type":"PropertyValueSpecification","valueRequired":true,"valueName":"search_term_string"}}],"inLanguage":"es"},{"@type":"Organization","@id":"http:\/\/thaderradiofm.es\/#organization","name":"Thader Radio FM","url":"http:\/\/thaderradiofm.es\/","logo":{"@type":"ImageObject","inLanguage":"es","@id":"http:\/\/thaderradiofm.es\/#\/schema\/logo\/image\/","url":"https:\/\/thaderradiofm.es\/wp-content\/uploads\/2023\/02\/cropped-THADER-RADIO.jpg","contentUrl":"https:\/\/thaderradiofm.es\/wp-content\/uploads\/2023\/02\/cropped-THADER-RADIO.jpg","width":514,"height":385,"caption":"Thader Radio FM"},"image":{"@id":"http:\/\/thaderradiofm.es\/#\/schema\/logo\/image\/"}},{"@type":"Person","@id":"http:\/\/thaderradiofm.es\/#\/schema\/person\/83fa03919671b30d343eb51bf18a9e2f","name":"ThaderRadioFM","image":{"@type":"ImageObject","inLanguage":"es","@id":"http:\/\/thaderradiofm.es\/#\/schema\/person\/image\/","url":"https:\/\/secure.gravatar.com\/avatar\/2050f79275a4ad7fd9fd0007b778bf26a99a1fbb55d365236b72b07b4779d82c?s=96&d=mm&r=g","contentUrl":"https:\/\/secure.gravatar.com\/avatar\/2050f79275a4ad7fd9fd0007b778bf26a99a1fbb55d365236b72b07b4779d82c?s=96&d=mm&r=g","caption":"ThaderRadioFM"},"url":"https:\/\/thaderradiofm.es\/?author=2"}]}},"_links":{"self":[{"href":"https:\/\/thaderradiofm.es\/index.php?rest_route=\/wp\/v2\/posts\/642","targetHints":{"allow":["GET"]}}],"collection":[{"href":"https:\/\/thaderradiofm.es\/index.php?rest_route=\/wp\/v2\/posts"}],"about":[{"href":"https:\/\/thaderradiofm.es\/index.php?rest_route=\/wp\/v2\/types\/post"}],"author":[{"embeddable":true,"href":"https:\/\/thaderradiofm.es\/index.php?rest_route=\/wp\/v2\/users\/2"}],"replies":[{"embeddable":true,"href":"https:\/\/thaderradiofm.es\/index.php?rest_route=%2Fwp%2Fv2%2Fcomments&post=642"}],"version-history":[{"count":1,"href":"https:\/\/thaderradiofm.es\/index.php?rest_route=\/wp\/v2\/posts\/642\/revisions"}],"predecessor-version":[{"id":647,"href":"https:\/\/thaderradiofm.es\/index.php?rest_route=\/wp\/v2\/posts\/642\/revisions\/647"}],"wp:featuredmedia":[{"embeddable":true,"href":"https:\/\/thaderradiofm.es\/index.php?rest_route=\/wp\/v2\/media\/644"}],"wp:attachment":[{"href":"https:\/\/thaderradiofm.es\/index.php?rest_route=%2Fwp%2Fv2%2Fmedia&parent=642"}],"wp:term":[{"taxonomy":"category","embeddable":true,"href":"https:\/\/thaderradiofm.es\/index.php?rest_route=%2Fwp%2Fv2%2Fcategories&post=642"},{"taxonomy":"post_tag","embeddable":true,"href":"https:\/\/thaderradiofm.es\/index.php?rest_route=%2Fwp%2Fv2%2Ftags&post=642"}],"curies":[{"name":"wp","href":"https:\/\/api.w.org\/{rel}","templated":true}]}}