{"id":226,"date":"2019-07-22T10:10:04","date_gmt":"2019-07-22T10:10:04","guid":{"rendered":"http:\/\/thaderradiofm.es\/?p=226"},"modified":"2021-09-17T10:39:56","modified_gmt":"2021-09-17T10:39:56","slug":"los-problemas-la-soledad","status":"publish","type":"post","link":"https:\/\/thaderradiofm.es\/?p=226","title":{"rendered":"Subida de las tarifas el\u00e9ctricas"},"content":{"rendered":"\n<ul class=\"wp-block-list\"><li>La subida de las tarifas el\u00e9ctricas que se ha producido este verano descoloca las cuentas de los ayuntamientos de la Regi\u00f3n. Los consistorios que manejan un presupuesto m\u00e1s modesto se preparan para hacer encaje de bolillos en los pr\u00f3ximos meses, porque el recibo \u00a0ha generado unos gastos imprevistos, que tendr\u00e1n que compensar con ahorros en otras partidas.<\/li><li>Veintidos ayuntamientos de la Regi\u00f3n est\u00e1n adheridos a la central de compras de la Federaci\u00f3n Espa\u00f1ola de Municipios y Provincias, pero no suelen utilizar este mecanismo para contratar el suministro el\u00e9ctrico, sino que negocian directamente con las comercializadoras.<\/li><\/ul>\n\n\n\n<p><\/p>\n\n\n\n<figure class=\"wp-block-image size-large\"><img loading=\"lazy\" decoding=\"async\" width=\"1024\" height=\"576\" src=\"http:\/\/thaderradiofm.es\/wp-content\/uploads\/2021\/09\/SUBIDAELECTRICIDAD2-1024x576.jpg\" alt=\"\" class=\"wp-image-636\" srcset=\"https:\/\/thaderradiofm.es\/wp-content\/uploads\/2021\/09\/SUBIDAELECTRICIDAD2-1024x576.jpg 1024w, https:\/\/thaderradiofm.es\/wp-content\/uploads\/2021\/09\/SUBIDAELECTRICIDAD2-300x169.jpg 300w, https:\/\/thaderradiofm.es\/wp-content\/uploads\/2021\/09\/SUBIDAELECTRICIDAD2-768x432.jpg 768w, https:\/\/thaderradiofm.es\/wp-content\/uploads\/2021\/09\/SUBIDAELECTRICIDAD2-1536x864.jpg 1536w, https:\/\/thaderradiofm.es\/wp-content\/uploads\/2021\/09\/SUBIDAELECTRICIDAD2.jpg 1600w\" sizes=\"auto, (max-width: 1024px) 100vw, 1024px\" \/><\/figure>\n","protected":false},"excerpt":{"rendered":"<p>La subida de las tarifas el\u00e9ctricas que se ha producido este verano descoloca las cuentas de los ayuntamientos de la Regi\u00f3n. Los consistorios que manejan un presupuesto m\u00e1s modesto se &hellip; <a href=\"https:\/\/thaderradiofm.es\/?p=226\" class=\"more-link\">Leer m\u00e1s<\/a><\/p>\n","protected":false},"author":2,"featured_media":636,"comment_status":"closed","ping_status":"open","sticky":false,"template":"","format":"standard","meta":{"footnotes":""},"categories":[6],"tags":[],"class_list":["post-226","post","type-post","status-publish","format-standard","has-post-thumbnail","hentry","category-actualidad","entry"],"yoast_head":"<!-- This site is optimized with the Yoast SEO plugin v23.9 - https:\/\/yoast.com\/wordpress\/plugins\/seo\/ -->\n<title>Subida de las tarifas el\u00e9ctricas - Thader Radio FM<\/title>\n<meta name=\"robots\" content=\"index, follow, max-snippet:-1, max-image-preview:large, max-video-preview:-1\" \/>\n<link rel=\"canonical\" href=\"https:\/\/thaderradiofm.es\/?p=226\" \/>\n<meta property=\"og:locale\" content=\"es_ES\" \/>\n<meta property=\"og:type\" content=\"article\" \/>\n<meta property=\"og:title\" content=\"Subida de las tarifas el\u00e9ctricas - Thader Radio FM\" \/>\n<meta property=\"og:description\" content=\"La subida de las tarifas el\u00e9ctricas que se ha producido este verano descoloca las cuentas de los ayuntamientos de la Regi\u00f3n. Los consistorios que manejan un presupuesto m\u00e1s modesto se &hellip; Leer m\u00e1s\" \/>\n<meta property=\"og:url\" content=\"https:\/\/thaderradiofm.es\/?p=226\" \/>\n<meta property=\"og:site_name\" content=\"Thader Radio FM\" \/>\n<meta property=\"article:published_time\" content=\"2019-07-22T10:10:04+00:00\" \/>\n<meta property=\"article:modified_time\" content=\"2021-09-17T10:39:56+00:00\" \/>\n<meta property=\"og:image\" content=\"https:\/\/thaderradiofm.es\/wp-content\/uploads\/2021\/09\/SUBIDAELECTRICIDAD2.jpg\" \/>\n\t<meta property=\"og:image:width\" content=\"1600\" \/>\n\t<meta property=\"og:image:height\" content=\"900\" \/>\n\t<meta property=\"og:image:type\" content=\"image\/jpeg\" \/>\n<meta name=\"author\" content=\"ThaderRadioFM\" \/>\n<meta name=\"twitter:card\" content=\"summary_large_image\" \/>\n<meta name=\"twitter:label1\" content=\"Escrito por\" \/>\n\t<meta name=\"twitter:data1\" content=\"ThaderRadioFM\" \/>\n\t<meta name=\"twitter:label2\" content=\"Tiempo de lectura\" \/>\n\t<meta name=\"twitter:data2\" content=\"1 minuto\" \/>\n<script type=\"application\/ld+json\" class=\"yoast-schema-graph\">{\"@context\":\"https:\/\/schema.org\",\"@graph\":[{\"@type\":\"Article\",\"@id\":\"https:\/\/thaderradiofm.es\/?p=226#article\",\"isPartOf\":{\"@id\":\"https:\/\/thaderradiofm.es\/?p=226\"},\"author\":{\"name\":\"ThaderRadioFM\",\"@id\":\"http:\/\/thaderradiofm.es\/#\/schema\/person\/83fa03919671b30d343eb51bf18a9e2f\"},\"headline\":\"Subida de las tarifas el\u00e9ctricas\",\"datePublished\":\"2019-07-22T10:10:04+00:00\",\"dateModified\":\"2021-09-17T10:39:56+00:00\",\"mainEntityOfPage\":{\"@id\":\"https:\/\/thaderradiofm.es\/?p=226\"},\"wordCount\":111,\"publisher\":{\"@id\":\"http:\/\/thaderradiofm.es\/#organization\"},\"image\":{\"@id\":\"https:\/\/thaderradiofm.es\/?p=226#primaryimage\"},\"thumbnailUrl\":\"https:\/\/thaderradiofm.es\/wp-content\/uploads\/2021\/09\/SUBIDAELECTRICIDAD2.jpg\",\"articleSection\":[\"Actualidad\"],\"inLanguage\":\"es\"},{\"@type\":\"WebPage\",\"@id\":\"https:\/\/thaderradiofm.es\/?p=226\",\"url\":\"https:\/\/thaderradiofm.es\/?p=226\",\"name\":\"Subida de las tarifas el\u00e9ctricas - Thader Radio FM\",\"isPartOf\":{\"@id\":\"http:\/\/thaderradiofm.es\/#website\"},\"primaryImageOfPage\":{\"@id\":\"https:\/\/thaderradiofm.es\/?p=226#primaryimage\"},\"image\":{\"@id\":\"https:\/\/thaderradiofm.es\/?p=226#primaryimage\"},\"thumbnailUrl\":\"https:\/\/thaderradiofm.es\/wp-content\/uploads\/2021\/09\/SUBIDAELECTRICIDAD2.jpg\",\"datePublished\":\"2019-07-22T10:10:04+00:00\",\"dateModified\":\"2021-09-17T10:39:56+00:00\",\"breadcrumb\":{\"@id\":\"https:\/\/thaderradiofm.es\/?p=226#breadcrumb\"},\"inLanguage\":\"es\",\"potentialAction\":[{\"@type\":\"ReadAction\",\"target\":[\"https:\/\/thaderradiofm.es\/?p=226\"]}]},{\"@type\":\"ImageObject\",\"inLanguage\":\"es\",\"@id\":\"https:\/\/thaderradiofm.es\/?p=226#primaryimage\",\"url\":\"https:\/\/thaderradiofm.es\/wp-content\/uploads\/2021\/09\/SUBIDAELECTRICIDAD2.jpg\",\"contentUrl\":\"https:\/\/thaderradiofm.es\/wp-content\/uploads\/2021\/09\/SUBIDAELECTRICIDAD2.jpg\",\"width\":1600,\"height\":900},{\"@type\":\"BreadcrumbList\",\"@id\":\"https:\/\/thaderradiofm.es\/?p=226#breadcrumb\",\"itemListElement\":[{\"@type\":\"ListItem\",\"position\":1,\"name\":\"Portada\",\"item\":\"http:\/\/thaderradiofm.es\/\"},{\"@type\":\"ListItem\",\"position\":2,\"name\":\"Subida de las tarifas el\u00e9ctricas\"}]},{\"@type\":\"WebSite\",\"@id\":\"http:\/\/thaderradiofm.es\/#website\",\"url\":\"http:\/\/thaderradiofm.es\/\",\"name\":\"Thader Radio FM\",\"description\":\"La Radio en Espa\u00f1ol\",\"publisher\":{\"@id\":\"http:\/\/thaderradiofm.es\/#organization\"},\"potentialAction\":[{\"@type\":\"SearchAction\",\"target\":{\"@type\":\"EntryPoint\",\"urlTemplate\":\"http:\/\/thaderradiofm.es\/?s={search_term_string}\"},\"query-input\":{\"@type\":\"PropertyValueSpecification\",\"valueRequired\":true,\"valueName\":\"search_term_string\"}}],\"inLanguage\":\"es\"},{\"@type\":\"Organization\",\"@id\":\"http:\/\/thaderradiofm.es\/#organization\",\"name\":\"Thader Radio FM\",\"url\":\"http:\/\/thaderradiofm.es\/\",\"logo\":{\"@type\":\"ImageObject\",\"inLanguage\":\"es\",\"@id\":\"http:\/\/thaderradiofm.es\/#\/schema\/logo\/image\/\",\"url\":\"https:\/\/thaderradiofm.es\/wp-content\/uploads\/2023\/02\/cropped-THADER-RADIO.jpg\",\"contentUrl\":\"https:\/\/thaderradiofm.es\/wp-content\/uploads\/2023\/02\/cropped-THADER-RADIO.jpg\",\"width\":514,\"height\":385,\"caption\":\"Thader Radio FM\"},\"image\":{\"@id\":\"http:\/\/thaderradiofm.es\/#\/schema\/logo\/image\/\"}},{\"@type\":\"Person\",\"@id\":\"http:\/\/thaderradiofm.es\/#\/schema\/person\/83fa03919671b30d343eb51bf18a9e2f\",\"name\":\"ThaderRadioFM\",\"image\":{\"@type\":\"ImageObject\",\"inLanguage\":\"es\",\"@id\":\"http:\/\/thaderradiofm.es\/#\/schema\/person\/image\/\",\"url\":\"https:\/\/secure.gravatar.com\/avatar\/2050f79275a4ad7fd9fd0007b778bf26a99a1fbb55d365236b72b07b4779d82c?s=96&d=mm&r=g\",\"contentUrl\":\"https:\/\/secure.gravatar.com\/avatar\/2050f79275a4ad7fd9fd0007b778bf26a99a1fbb55d365236b72b07b4779d82c?s=96&d=mm&r=g\",\"caption\":\"ThaderRadioFM\"},\"url\":\"https:\/\/thaderradiofm.es\/?author=2\"}]}<\/script>\n<!-- \/ Yoast SEO plugin. -->","yoast_head_json":{"title":"Subida de las tarifas el\u00e9ctricas - Thader Radio FM","robots":{"index":"index","follow":"follow","max-snippet":"max-snippet:-1","max-image-preview":"max-image-preview:large","max-video-preview":"max-video-preview:-1"},"canonical":"https:\/\/thaderradiofm.es\/?p=226","og_locale":"es_ES","og_type":"article","og_title":"Subida de las tarifas el\u00e9ctricas - Thader Radio FM","og_description":"La subida de las tarifas el\u00e9ctricas que se ha producido este verano descoloca las cuentas de los ayuntamientos de la Regi\u00f3n. Los consistorios que manejan un presupuesto m\u00e1s modesto se &hellip; Leer m\u00e1s","og_url":"https:\/\/thaderradiofm.es\/?p=226","og_site_name":"Thader Radio FM","article_published_time":"2019-07-22T10:10:04+00:00","article_modified_time":"2021-09-17T10:39:56+00:00","og_image":[{"width":1600,"height":900,"url":"https:\/\/thaderradiofm.es\/wp-content\/uploads\/2021\/09\/SUBIDAELECTRICIDAD2.jpg","type":"image\/jpeg"}],"author":"ThaderRadioFM","twitter_card":"summary_large_image","twitter_misc":{"Escrito por":"ThaderRadioFM","Tiempo de lectura":"1 minuto"},"schema":{"@context":"https:\/\/schema.org","@graph":[{"@type":"Article","@id":"https:\/\/thaderradiofm.es\/?p=226#article","isPartOf":{"@id":"https:\/\/thaderradiofm.es\/?p=226"},"author":{"name":"ThaderRadioFM","@id":"http:\/\/thaderradiofm.es\/#\/schema\/person\/83fa03919671b30d343eb51bf18a9e2f"},"headline":"Subida de las tarifas el\u00e9ctricas","datePublished":"2019-07-22T10:10:04+00:00","dateModified":"2021-09-17T10:39:56+00:00","mainEntityOfPage":{"@id":"https:\/\/thaderradiofm.es\/?p=226"},"wordCount":111,"publisher":{"@id":"http:\/\/thaderradiofm.es\/#organization"},"image":{"@id":"https:\/\/thaderradiofm.es\/?p=226#primaryimage"},"thumbnailUrl":"https:\/\/thaderradiofm.es\/wp-content\/uploads\/2021\/09\/SUBIDAELECTRICIDAD2.jpg","articleSection":["Actualidad"],"inLanguage":"es"},{"@type":"WebPage","@id":"https:\/\/thaderradiofm.es\/?p=226","url":"https:\/\/thaderradiofm.es\/?p=226","name":"Subida de las tarifas el\u00e9ctricas - Thader Radio FM","isPartOf":{"@id":"http:\/\/thaderradiofm.es\/#website"},"primaryImageOfPage":{"@id":"https:\/\/thaderradiofm.es\/?p=226#primaryimage"},"image":{"@id":"https:\/\/thaderradiofm.es\/?p=226#primaryimage"},"thumbnailUrl":"https:\/\/thaderradiofm.es\/wp-content\/uploads\/2021\/09\/SUBIDAELECTRICIDAD2.jpg","datePublished":"2019-07-22T10:10:04+00:00","dateModified":"2021-09-17T10:39:56+00:00","breadcrumb":{"@id":"https:\/\/thaderradiofm.es\/?p=226#breadcrumb"},"inLanguage":"es","potentialAction":[{"@type":"ReadAction","target":["https:\/\/thaderradiofm.es\/?p=226"]}]},{"@type":"ImageObject","inLanguage":"es","@id":"https:\/\/thaderradiofm.es\/?p=226#primaryimage","url":"https:\/\/thaderradiofm.es\/wp-content\/uploads\/2021\/09\/SUBIDAELECTRICIDAD2.jpg","contentUrl":"https:\/\/thaderradiofm.es\/wp-content\/uploads\/2021\/09\/SUBIDAELECTRICIDAD2.jpg","width":1600,"height":900},{"@type":"BreadcrumbList","@id":"https:\/\/thaderradiofm.es\/?p=226#breadcrumb","itemListElement":[{"@type":"ListItem","position":1,"name":"Portada","item":"http:\/\/thaderradiofm.es\/"},{"@type":"ListItem","position":2,"name":"Subida de las tarifas el\u00e9ctricas"}]},{"@type":"WebSite","@id":"http:\/\/thaderradiofm.es\/#website","url":"http:\/\/thaderradiofm.es\/","name":"Thader Radio FM","description":"La Radio en Espa\u00f1ol","publisher":{"@id":"http:\/\/thaderradiofm.es\/#organization"},"potentialAction":[{"@type":"SearchAction","target":{"@type":"EntryPoint","urlTemplate":"http:\/\/thaderradiofm.es\/?s={search_term_string}"},"query-input":{"@type":"PropertyValueSpecification","valueRequired":true,"valueName":"search_term_string"}}],"inLanguage":"es"},{"@type":"Organization","@id":"http:\/\/thaderradiofm.es\/#organization","name":"Thader Radio FM","url":"http:\/\/thaderradiofm.es\/","logo":{"@type":"ImageObject","inLanguage":"es","@id":"http:\/\/thaderradiofm.es\/#\/schema\/logo\/image\/","url":"https:\/\/thaderradiofm.es\/wp-content\/uploads\/2023\/02\/cropped-THADER-RADIO.jpg","contentUrl":"https:\/\/thaderradiofm.es\/wp-content\/uploads\/2023\/02\/cropped-THADER-RADIO.jpg","width":514,"height":385,"caption":"Thader Radio FM"},"image":{"@id":"http:\/\/thaderradiofm.es\/#\/schema\/logo\/image\/"}},{"@type":"Person","@id":"http:\/\/thaderradiofm.es\/#\/schema\/person\/83fa03919671b30d343eb51bf18a9e2f","name":"ThaderRadioFM","image":{"@type":"ImageObject","inLanguage":"es","@id":"http:\/\/thaderradiofm.es\/#\/schema\/person\/image\/","url":"https:\/\/secure.gravatar.com\/avatar\/2050f79275a4ad7fd9fd0007b778bf26a99a1fbb55d365236b72b07b4779d82c?s=96&d=mm&r=g","contentUrl":"https:\/\/secure.gravatar.com\/avatar\/2050f79275a4ad7fd9fd0007b778bf26a99a1fbb55d365236b72b07b4779d82c?s=96&d=mm&r=g","caption":"ThaderRadioFM"},"url":"https:\/\/thaderradiofm.es\/?author=2"}]}},"_links":{"self":[{"href":"https:\/\/thaderradiofm.es\/index.php?rest_route=\/wp\/v2\/posts\/226","targetHints":{"allow":["GET"]}}],"collection":[{"href":"https:\/\/thaderradiofm.es\/index.php?rest_route=\/wp\/v2\/posts"}],"about":[{"href":"https:\/\/thaderradiofm.es\/index.php?rest_route=\/wp\/v2\/types\/post"}],"author":[{"embeddable":true,"href":"https:\/\/thaderradiofm.es\/index.php?rest_route=\/wp\/v2\/users\/2"}],"replies":[{"embeddable":true,"href":"https:\/\/thaderradiofm.es\/index.php?rest_route=%2Fwp%2Fv2%2Fcomments&post=226"}],"version-history":[{"count":6,"href":"https:\/\/thaderradiofm.es\/index.php?rest_route=\/wp\/v2\/posts\/226\/revisions"}],"predecessor-version":[{"id":637,"href":"https:\/\/thaderradiofm.es\/index.php?rest_route=\/wp\/v2\/posts\/226\/revisions\/637"}],"wp:featuredmedia":[{"embeddable":true,"href":"https:\/\/thaderradiofm.es\/index.php?rest_route=\/wp\/v2\/media\/636"}],"wp:attachment":[{"href":"https:\/\/thaderradiofm.es\/index.php?rest_route=%2Fwp%2Fv2%2Fmedia&parent=226"}],"wp:term":[{"taxonomy":"category","embeddable":true,"href":"https:\/\/thaderradiofm.es\/index.php?rest_route=%2Fwp%2Fv2%2Fcategories&post=226"},{"taxonomy":"post_tag","embeddable":true,"href":"https:\/\/thaderradiofm.es\/index.php?rest_route=%2Fwp%2Fv2%2Ftags&post=226"}],"curies":[{"name":"wp","href":"https:\/\/api.w.org\/{rel}","templated":true}]}}