{"id":223,"date":"2019-07-22T10:04:36","date_gmt":"2019-07-22T10:04:36","guid":{"rendered":"http:\/\/thaderradiofm.es\/?p=223"},"modified":"2020-09-21T07:31:45","modified_gmt":"2020-09-21T07:31:45","slug":"la-organizacion-profesional-agraria-asaja-murcia-ha-valorado-desilusionante-dificil-la-campana-citricola","status":"publish","type":"post","link":"https:\/\/thaderradiofm.es\/?p=223","title":{"rendered":"La organizaci\u00f3n profesional agraria ASAJA Murcia ha valorado como \u201cdesilusionante y muy dif\u00edcil\u201d la campa\u00f1a citr\u00edcola"},"content":{"rendered":"<p>Seg\u00fan ha explicado el Secretario General de ASAJA Murcia, Alfonso G\u00e1lvez Caravaca, \u201cha sido una campa\u00f1a muy complicada, tanto para los productores como para las empresas, ya que se ha producido una fort\u00edsima competencia en los mercados internacionales, a lo que hay que a\u00f1adir que necesitamos una vertebraci\u00f3n real de nuestro sector, y tener una verdadera regulaci\u00f3n sectorial, de la que carecemos actualmente en el sector de los agrios\u201d.<\/p>\n<p>&nbsp;<\/p>\n<p>Adem\u00e1s, el titular de ASAJA Murcia tambi\u00e9n ha apuntado que \u201cestamos viviendo una \u00e9poca de enorme globalizaci\u00f3n en los mercados internacionales, y tenemos que optimizar mucho m\u00e1s los costes de producci\u00f3n, y apostar por sistemas de producci\u00f3n que generen valor a\u00f1adido, como es la citricultura ecol\u00f3gica, as\u00ed como reforzar todo ello con fuertes campa\u00f1a de promoci\u00f3n tanto nacionales como internacionales\u201d.<\/p>\n<p>Dentro del mismo contexto, el responsable de ASAJA Murcia tambi\u00e9n ha apuntado que \u201cdebemos seguir trabajando en la apertura de nuevos mercados de exportaci\u00f3n,&nbsp; y fortalecer nuestra presencia en los mercados de Asia y Emiratos \u00c1rabes, as\u00ed como tambi\u00e9n potenciar las exportaciones al mercado estadounidense\u201d.<\/p>\n","protected":false},"excerpt":{"rendered":"<p>Seg\u00fan ha explicado el Secretario General de ASAJA Murcia, Alfonso G\u00e1lvez Caravaca, \u201cha sido una campa\u00f1a muy complicada, tanto para los productores como para las empresas, ya que se ha &hellip; <a href=\"https:\/\/thaderradiofm.es\/?p=223\" class=\"more-link\">Leer m\u00e1s<\/a><\/p>\n","protected":false},"author":2,"featured_media":551,"comment_status":"closed","ping_status":"open","sticky":false,"template":"","format":"standard","meta":{"footnotes":""},"categories":[20],"tags":[],"class_list":["post-223","post","type-post","status-publish","format-standard","has-post-thumbnail","hentry","category-agricultura","entry"],"yoast_head":"<!-- This site is optimized with the Yoast SEO plugin v23.9 - https:\/\/yoast.com\/wordpress\/plugins\/seo\/ -->\n<title>La organizaci\u00f3n profesional agraria ASAJA Murcia ha valorado como \u201cdesilusionante y muy dif\u00edcil\u201d la campa\u00f1a citr\u00edcola - Thader Radio FM<\/title>\n<meta name=\"robots\" content=\"index, follow, max-snippet:-1, max-image-preview:large, max-video-preview:-1\" \/>\n<link rel=\"canonical\" href=\"https:\/\/thaderradiofm.es\/?p=223\" \/>\n<meta property=\"og:locale\" content=\"es_ES\" \/>\n<meta property=\"og:type\" content=\"article\" \/>\n<meta property=\"og:title\" content=\"La organizaci\u00f3n profesional agraria ASAJA Murcia ha valorado como \u201cdesilusionante y muy dif\u00edcil\u201d la campa\u00f1a citr\u00edcola - Thader Radio FM\" \/>\n<meta property=\"og:description\" content=\"Seg\u00fan ha explicado el Secretario General de ASAJA Murcia, Alfonso G\u00e1lvez Caravaca, \u201cha sido una campa\u00f1a muy complicada, tanto para los productores como para las empresas, ya que se ha &hellip; Leer m\u00e1s\" \/>\n<meta property=\"og:url\" content=\"https:\/\/thaderradiofm.es\/?p=223\" \/>\n<meta property=\"og:site_name\" content=\"Thader Radio FM\" \/>\n<meta property=\"article:published_time\" content=\"2019-07-22T10:04:36+00:00\" \/>\n<meta property=\"article:modified_time\" content=\"2020-09-21T07:31:45+00:00\" \/>\n<meta property=\"og:image\" content=\"https:\/\/thaderradiofm.es\/wp-content\/uploads\/2019\/07\/naranjas-825x510-1.png\" \/>\n\t<meta property=\"og:image:width\" content=\"825\" \/>\n\t<meta property=\"og:image:height\" content=\"510\" \/>\n\t<meta property=\"og:image:type\" content=\"image\/png\" \/>\n<meta name=\"author\" content=\"ThaderRadioFM\" \/>\n<meta name=\"twitter:card\" content=\"summary_large_image\" \/>\n<meta name=\"twitter:label1\" content=\"Escrito por\" \/>\n\t<meta name=\"twitter:data1\" content=\"ThaderRadioFM\" \/>\n\t<meta name=\"twitter:label2\" content=\"Tiempo de lectura\" \/>\n\t<meta name=\"twitter:data2\" content=\"1 minuto\" \/>\n<script type=\"application\/ld+json\" class=\"yoast-schema-graph\">{\"@context\":\"https:\/\/schema.org\",\"@graph\":[{\"@type\":\"Article\",\"@id\":\"https:\/\/thaderradiofm.es\/?p=223#article\",\"isPartOf\":{\"@id\":\"https:\/\/thaderradiofm.es\/?p=223\"},\"author\":{\"name\":\"ThaderRadioFM\",\"@id\":\"http:\/\/thaderradiofm.es\/#\/schema\/person\/83fa03919671b30d343eb51bf18a9e2f\"},\"headline\":\"La organizaci\u00f3n profesional agraria ASAJA Murcia ha valorado como \u201cdesilusionante y muy dif\u00edcil\u201d la campa\u00f1a citr\u00edcola\",\"datePublished\":\"2019-07-22T10:04:36+00:00\",\"dateModified\":\"2020-09-21T07:31:45+00:00\",\"mainEntityOfPage\":{\"@id\":\"https:\/\/thaderradiofm.es\/?p=223\"},\"wordCount\":216,\"publisher\":{\"@id\":\"http:\/\/thaderradiofm.es\/#organization\"},\"image\":{\"@id\":\"https:\/\/thaderradiofm.es\/?p=223#primaryimage\"},\"thumbnailUrl\":\"https:\/\/thaderradiofm.es\/wp-content\/uploads\/2019\/07\/naranjas-825x510-1.png\",\"articleSection\":[\"Agricultura\"],\"inLanguage\":\"es\"},{\"@type\":\"WebPage\",\"@id\":\"https:\/\/thaderradiofm.es\/?p=223\",\"url\":\"https:\/\/thaderradiofm.es\/?p=223\",\"name\":\"La organizaci\u00f3n profesional agraria ASAJA Murcia ha valorado como \u201cdesilusionante y muy dif\u00edcil\u201d la campa\u00f1a citr\u00edcola - Thader Radio FM\",\"isPartOf\":{\"@id\":\"http:\/\/thaderradiofm.es\/#website\"},\"primaryImageOfPage\":{\"@id\":\"https:\/\/thaderradiofm.es\/?p=223#primaryimage\"},\"image\":{\"@id\":\"https:\/\/thaderradiofm.es\/?p=223#primaryimage\"},\"thumbnailUrl\":\"https:\/\/thaderradiofm.es\/wp-content\/uploads\/2019\/07\/naranjas-825x510-1.png\",\"datePublished\":\"2019-07-22T10:04:36+00:00\",\"dateModified\":\"2020-09-21T07:31:45+00:00\",\"breadcrumb\":{\"@id\":\"https:\/\/thaderradiofm.es\/?p=223#breadcrumb\"},\"inLanguage\":\"es\",\"potentialAction\":[{\"@type\":\"ReadAction\",\"target\":[\"https:\/\/thaderradiofm.es\/?p=223\"]}]},{\"@type\":\"ImageObject\",\"inLanguage\":\"es\",\"@id\":\"https:\/\/thaderradiofm.es\/?p=223#primaryimage\",\"url\":\"https:\/\/thaderradiofm.es\/wp-content\/uploads\/2019\/07\/naranjas-825x510-1.png\",\"contentUrl\":\"https:\/\/thaderradiofm.es\/wp-content\/uploads\/2019\/07\/naranjas-825x510-1.png\",\"width\":825,\"height\":510},{\"@type\":\"BreadcrumbList\",\"@id\":\"https:\/\/thaderradiofm.es\/?p=223#breadcrumb\",\"itemListElement\":[{\"@type\":\"ListItem\",\"position\":1,\"name\":\"Portada\",\"item\":\"http:\/\/thaderradiofm.es\/\"},{\"@type\":\"ListItem\",\"position\":2,\"name\":\"La organizaci\u00f3n profesional agraria ASAJA Murcia ha valorado como \u201cdesilusionante y muy dif\u00edcil\u201d la campa\u00f1a citr\u00edcola\"}]},{\"@type\":\"WebSite\",\"@id\":\"http:\/\/thaderradiofm.es\/#website\",\"url\":\"http:\/\/thaderradiofm.es\/\",\"name\":\"Thader Radio FM\",\"description\":\"La Radio en Espa\u00f1ol\",\"publisher\":{\"@id\":\"http:\/\/thaderradiofm.es\/#organization\"},\"potentialAction\":[{\"@type\":\"SearchAction\",\"target\":{\"@type\":\"EntryPoint\",\"urlTemplate\":\"http:\/\/thaderradiofm.es\/?s={search_term_string}\"},\"query-input\":{\"@type\":\"PropertyValueSpecification\",\"valueRequired\":true,\"valueName\":\"search_term_string\"}}],\"inLanguage\":\"es\"},{\"@type\":\"Organization\",\"@id\":\"http:\/\/thaderradiofm.es\/#organization\",\"name\":\"Thader Radio FM\",\"url\":\"http:\/\/thaderradiofm.es\/\",\"logo\":{\"@type\":\"ImageObject\",\"inLanguage\":\"es\",\"@id\":\"http:\/\/thaderradiofm.es\/#\/schema\/logo\/image\/\",\"url\":\"https:\/\/thaderradiofm.es\/wp-content\/uploads\/2023\/02\/cropped-THADER-RADIO.jpg\",\"contentUrl\":\"https:\/\/thaderradiofm.es\/wp-content\/uploads\/2023\/02\/cropped-THADER-RADIO.jpg\",\"width\":514,\"height\":385,\"caption\":\"Thader Radio FM\"},\"image\":{\"@id\":\"http:\/\/thaderradiofm.es\/#\/schema\/logo\/image\/\"}},{\"@type\":\"Person\",\"@id\":\"http:\/\/thaderradiofm.es\/#\/schema\/person\/83fa03919671b30d343eb51bf18a9e2f\",\"name\":\"ThaderRadioFM\",\"image\":{\"@type\":\"ImageObject\",\"inLanguage\":\"es\",\"@id\":\"http:\/\/thaderradiofm.es\/#\/schema\/person\/image\/\",\"url\":\"https:\/\/secure.gravatar.com\/avatar\/2050f79275a4ad7fd9fd0007b778bf26a99a1fbb55d365236b72b07b4779d82c?s=96&d=mm&r=g\",\"contentUrl\":\"https:\/\/secure.gravatar.com\/avatar\/2050f79275a4ad7fd9fd0007b778bf26a99a1fbb55d365236b72b07b4779d82c?s=96&d=mm&r=g\",\"caption\":\"ThaderRadioFM\"},\"url\":\"https:\/\/thaderradiofm.es\/?author=2\"}]}<\/script>\n<!-- \/ Yoast SEO plugin. -->","yoast_head_json":{"title":"La organizaci\u00f3n profesional agraria ASAJA Murcia ha valorado como \u201cdesilusionante y muy dif\u00edcil\u201d la campa\u00f1a citr\u00edcola - Thader Radio FM","robots":{"index":"index","follow":"follow","max-snippet":"max-snippet:-1","max-image-preview":"max-image-preview:large","max-video-preview":"max-video-preview:-1"},"canonical":"https:\/\/thaderradiofm.es\/?p=223","og_locale":"es_ES","og_type":"article","og_title":"La organizaci\u00f3n profesional agraria ASAJA Murcia ha valorado como \u201cdesilusionante y muy dif\u00edcil\u201d la campa\u00f1a citr\u00edcola - Thader Radio FM","og_description":"Seg\u00fan ha explicado el Secretario General de ASAJA Murcia, Alfonso G\u00e1lvez Caravaca, \u201cha sido una campa\u00f1a muy complicada, tanto para los productores como para las empresas, ya que se ha &hellip; Leer m\u00e1s","og_url":"https:\/\/thaderradiofm.es\/?p=223","og_site_name":"Thader Radio FM","article_published_time":"2019-07-22T10:04:36+00:00","article_modified_time":"2020-09-21T07:31:45+00:00","og_image":[{"width":825,"height":510,"url":"https:\/\/thaderradiofm.es\/wp-content\/uploads\/2019\/07\/naranjas-825x510-1.png","type":"image\/png"}],"author":"ThaderRadioFM","twitter_card":"summary_large_image","twitter_misc":{"Escrito por":"ThaderRadioFM","Tiempo de lectura":"1 minuto"},"schema":{"@context":"https:\/\/schema.org","@graph":[{"@type":"Article","@id":"https:\/\/thaderradiofm.es\/?p=223#article","isPartOf":{"@id":"https:\/\/thaderradiofm.es\/?p=223"},"author":{"name":"ThaderRadioFM","@id":"http:\/\/thaderradiofm.es\/#\/schema\/person\/83fa03919671b30d343eb51bf18a9e2f"},"headline":"La organizaci\u00f3n profesional agraria ASAJA Murcia ha valorado como \u201cdesilusionante y muy dif\u00edcil\u201d la campa\u00f1a citr\u00edcola","datePublished":"2019-07-22T10:04:36+00:00","dateModified":"2020-09-21T07:31:45+00:00","mainEntityOfPage":{"@id":"https:\/\/thaderradiofm.es\/?p=223"},"wordCount":216,"publisher":{"@id":"http:\/\/thaderradiofm.es\/#organization"},"image":{"@id":"https:\/\/thaderradiofm.es\/?p=223#primaryimage"},"thumbnailUrl":"https:\/\/thaderradiofm.es\/wp-content\/uploads\/2019\/07\/naranjas-825x510-1.png","articleSection":["Agricultura"],"inLanguage":"es"},{"@type":"WebPage","@id":"https:\/\/thaderradiofm.es\/?p=223","url":"https:\/\/thaderradiofm.es\/?p=223","name":"La organizaci\u00f3n profesional agraria ASAJA Murcia ha valorado como \u201cdesilusionante y muy dif\u00edcil\u201d la campa\u00f1a citr\u00edcola - Thader Radio FM","isPartOf":{"@id":"http:\/\/thaderradiofm.es\/#website"},"primaryImageOfPage":{"@id":"https:\/\/thaderradiofm.es\/?p=223#primaryimage"},"image":{"@id":"https:\/\/thaderradiofm.es\/?p=223#primaryimage"},"thumbnailUrl":"https:\/\/thaderradiofm.es\/wp-content\/uploads\/2019\/07\/naranjas-825x510-1.png","datePublished":"2019-07-22T10:04:36+00:00","dateModified":"2020-09-21T07:31:45+00:00","breadcrumb":{"@id":"https:\/\/thaderradiofm.es\/?p=223#breadcrumb"},"inLanguage":"es","potentialAction":[{"@type":"ReadAction","target":["https:\/\/thaderradiofm.es\/?p=223"]}]},{"@type":"ImageObject","inLanguage":"es","@id":"https:\/\/thaderradiofm.es\/?p=223#primaryimage","url":"https:\/\/thaderradiofm.es\/wp-content\/uploads\/2019\/07\/naranjas-825x510-1.png","contentUrl":"https:\/\/thaderradiofm.es\/wp-content\/uploads\/2019\/07\/naranjas-825x510-1.png","width":825,"height":510},{"@type":"BreadcrumbList","@id":"https:\/\/thaderradiofm.es\/?p=223#breadcrumb","itemListElement":[{"@type":"ListItem","position":1,"name":"Portada","item":"http:\/\/thaderradiofm.es\/"},{"@type":"ListItem","position":2,"name":"La organizaci\u00f3n profesional agraria ASAJA Murcia ha valorado como \u201cdesilusionante y muy dif\u00edcil\u201d la campa\u00f1a citr\u00edcola"}]},{"@type":"WebSite","@id":"http:\/\/thaderradiofm.es\/#website","url":"http:\/\/thaderradiofm.es\/","name":"Thader Radio FM","description":"La Radio en Espa\u00f1ol","publisher":{"@id":"http:\/\/thaderradiofm.es\/#organization"},"potentialAction":[{"@type":"SearchAction","target":{"@type":"EntryPoint","urlTemplate":"http:\/\/thaderradiofm.es\/?s={search_term_string}"},"query-input":{"@type":"PropertyValueSpecification","valueRequired":true,"valueName":"search_term_string"}}],"inLanguage":"es"},{"@type":"Organization","@id":"http:\/\/thaderradiofm.es\/#organization","name":"Thader Radio FM","url":"http:\/\/thaderradiofm.es\/","logo":{"@type":"ImageObject","inLanguage":"es","@id":"http:\/\/thaderradiofm.es\/#\/schema\/logo\/image\/","url":"https:\/\/thaderradiofm.es\/wp-content\/uploads\/2023\/02\/cropped-THADER-RADIO.jpg","contentUrl":"https:\/\/thaderradiofm.es\/wp-content\/uploads\/2023\/02\/cropped-THADER-RADIO.jpg","width":514,"height":385,"caption":"Thader Radio FM"},"image":{"@id":"http:\/\/thaderradiofm.es\/#\/schema\/logo\/image\/"}},{"@type":"Person","@id":"http:\/\/thaderradiofm.es\/#\/schema\/person\/83fa03919671b30d343eb51bf18a9e2f","name":"ThaderRadioFM","image":{"@type":"ImageObject","inLanguage":"es","@id":"http:\/\/thaderradiofm.es\/#\/schema\/person\/image\/","url":"https:\/\/secure.gravatar.com\/avatar\/2050f79275a4ad7fd9fd0007b778bf26a99a1fbb55d365236b72b07b4779d82c?s=96&d=mm&r=g","contentUrl":"https:\/\/secure.gravatar.com\/avatar\/2050f79275a4ad7fd9fd0007b778bf26a99a1fbb55d365236b72b07b4779d82c?s=96&d=mm&r=g","caption":"ThaderRadioFM"},"url":"https:\/\/thaderradiofm.es\/?author=2"}]}},"_links":{"self":[{"href":"https:\/\/thaderradiofm.es\/index.php?rest_route=\/wp\/v2\/posts\/223","targetHints":{"allow":["GET"]}}],"collection":[{"href":"https:\/\/thaderradiofm.es\/index.php?rest_route=\/wp\/v2\/posts"}],"about":[{"href":"https:\/\/thaderradiofm.es\/index.php?rest_route=\/wp\/v2\/types\/post"}],"author":[{"embeddable":true,"href":"https:\/\/thaderradiofm.es\/index.php?rest_route=\/wp\/v2\/users\/2"}],"replies":[{"embeddable":true,"href":"https:\/\/thaderradiofm.es\/index.php?rest_route=%2Fwp%2Fv2%2Fcomments&post=223"}],"version-history":[{"count":2,"href":"https:\/\/thaderradiofm.es\/index.php?rest_route=\/wp\/v2\/posts\/223\/revisions"}],"predecessor-version":[{"id":552,"href":"https:\/\/thaderradiofm.es\/index.php?rest_route=\/wp\/v2\/posts\/223\/revisions\/552"}],"wp:featuredmedia":[{"embeddable":true,"href":"https:\/\/thaderradiofm.es\/index.php?rest_route=\/wp\/v2\/media\/551"}],"wp:attachment":[{"href":"https:\/\/thaderradiofm.es\/index.php?rest_route=%2Fwp%2Fv2%2Fmedia&parent=223"}],"wp:term":[{"taxonomy":"category","embeddable":true,"href":"https:\/\/thaderradiofm.es\/index.php?rest_route=%2Fwp%2Fv2%2Fcategories&post=223"},{"taxonomy":"post_tag","embeddable":true,"href":"https:\/\/thaderradiofm.es\/index.php?rest_route=%2Fwp%2Fv2%2Ftags&post=223"}],"curies":[{"name":"wp","href":"https:\/\/api.w.org\/{rel}","templated":true}]}}