{"id":109,"date":"2014-02-26T14:29:03","date_gmt":"2014-02-26T14:29:03","guid":{"rendered":"http:\/\/localhost\/meg\/?p=109"},"modified":"2021-09-17T10:45:24","modified_gmt":"2021-09-17T10:45:24","slug":"it-not-easy-learn-to-control-horse","status":"publish","type":"post","link":"https:\/\/thaderradiofm.es\/?p=109","title":{"rendered":"Nueva tramo Este de la autov\u00eda del Reguer\u00f3n"},"content":{"rendered":"\n<figure class=\"wp-block-image size-large\"><img loading=\"lazy\" decoding=\"async\" width=\"750\" height=\"478\" src=\"http:\/\/thaderradiofm.es\/wp-content\/uploads\/2021\/09\/se40-inauguracion-tramo-dos-hermanas-2.jpg\" alt=\"\" class=\"wp-image-639\" srcset=\"https:\/\/thaderradiofm.es\/wp-content\/uploads\/2021\/09\/se40-inauguracion-tramo-dos-hermanas-2.jpg 750w, https:\/\/thaderradiofm.es\/wp-content\/uploads\/2021\/09\/se40-inauguracion-tramo-dos-hermanas-2-300x191.jpg 300w, https:\/\/thaderradiofm.es\/wp-content\/uploads\/2021\/09\/se40-inauguracion-tramo-dos-hermanas-2-171x108.jpg 171w, https:\/\/thaderradiofm.es\/wp-content\/uploads\/2021\/09\/se40-inauguracion-tramo-dos-hermanas-2-400x255.jpg 400w\" sizes=\"auto, (max-width: 750px) 100vw, 750px\" \/><\/figure>\n\n\n\n<p>El nuevo tramo Este de la autov\u00eda del Reguer\u00f3n abierto al tr\u00e1fico conecta la ciudad de Murcia con la carretera del Mar Menor por Sucina y permite disponer de una ruta alternativa a la A-30 para llegar a la costa, con lo que aliviar\u00e1 la congesti\u00f3n del tr\u00e1fico en el Puerto de la Cadena. El Ministerio de Transportes calcula que el enlace \u00a0acorta el viaje hasta San Javier en ocho kil\u00f3metros y recibir\u00e1 unos 8.000 veh\u00edculos diarios. La obra ha costado 216 millones de euros.<\/p>\n\n\n\n<p>La nueva autov\u00eda tambi\u00e9n ofrecer\u00e1 una ruta alternativa para llegar a Santomera cuando est\u00e1 acabada la llamada \u2018autov\u00eda del Bancal\u2019, que conectar\u00e1 Zeneta con la A-7 y completar\u00e1 el trazado de la RM-1 hasta San Javier.<\/p>\n","protected":false},"excerpt":{"rendered":"<p>El nuevo tramo Este de la autov\u00eda del Reguer\u00f3n abierto al tr\u00e1fico conecta la ciudad de Murcia con la carretera del Mar Menor por Sucina y permite disponer de una &hellip; <a href=\"https:\/\/thaderradiofm.es\/?p=109\" class=\"more-link\">Leer m\u00e1s<\/a><\/p>\n","protected":false},"author":1,"featured_media":639,"comment_status":"open","ping_status":"open","sticky":false,"template":"","format":"standard","meta":{"footnotes":""},"categories":[6],"tags":[],"class_list":["post-109","post","type-post","status-publish","format-standard","has-post-thumbnail","hentry","category-actualidad","entry"],"yoast_head":"<!-- This site is optimized with the Yoast SEO plugin v23.9 - https:\/\/yoast.com\/wordpress\/plugins\/seo\/ -->\n<title>Nueva tramo Este de la autov\u00eda del Reguer\u00f3n - Thader Radio FM<\/title>\n<meta name=\"robots\" content=\"index, follow, max-snippet:-1, max-image-preview:large, max-video-preview:-1\" \/>\n<link rel=\"canonical\" href=\"https:\/\/thaderradiofm.es\/?p=109\" \/>\n<meta property=\"og:locale\" content=\"es_ES\" \/>\n<meta property=\"og:type\" content=\"article\" \/>\n<meta property=\"og:title\" content=\"Nueva tramo Este de la autov\u00eda del Reguer\u00f3n - Thader Radio FM\" \/>\n<meta property=\"og:description\" content=\"El nuevo tramo Este de la autov\u00eda del Reguer\u00f3n abierto al tr\u00e1fico conecta la ciudad de Murcia con la carretera del Mar Menor por Sucina y permite disponer de una &hellip; Leer m\u00e1s\" \/>\n<meta property=\"og:url\" content=\"https:\/\/thaderradiofm.es\/?p=109\" \/>\n<meta property=\"og:site_name\" content=\"Thader Radio FM\" \/>\n<meta property=\"article:published_time\" content=\"2014-02-26T14:29:03+00:00\" \/>\n<meta property=\"article:modified_time\" content=\"2021-09-17T10:45:24+00:00\" \/>\n<meta property=\"og:image\" content=\"https:\/\/thaderradiofm.es\/wp-content\/uploads\/2021\/09\/se40-inauguracion-tramo-dos-hermanas-2.jpg\" \/>\n\t<meta property=\"og:image:width\" content=\"750\" \/>\n\t<meta property=\"og:image:height\" content=\"478\" \/>\n\t<meta property=\"og:image:type\" content=\"image\/jpeg\" \/>\n<meta name=\"author\" content=\"admin\" \/>\n<meta name=\"twitter:card\" content=\"summary_large_image\" \/>\n<meta name=\"twitter:label1\" content=\"Escrito por\" \/>\n\t<meta name=\"twitter:data1\" content=\"admin\" \/>\n\t<meta name=\"twitter:label2\" content=\"Tiempo de lectura\" \/>\n\t<meta name=\"twitter:data2\" content=\"1 minuto\" \/>\n<script type=\"application\/ld+json\" class=\"yoast-schema-graph\">{\"@context\":\"https:\/\/schema.org\",\"@graph\":[{\"@type\":\"Article\",\"@id\":\"https:\/\/thaderradiofm.es\/?p=109#article\",\"isPartOf\":{\"@id\":\"https:\/\/thaderradiofm.es\/?p=109\"},\"author\":{\"name\":\"admin\",\"@id\":\"http:\/\/thaderradiofm.es\/#\/schema\/person\/c5f6f440ee7e91858a82e56a7795370f\"},\"headline\":\"Nueva tramo Este de la autov\u00eda del Reguer\u00f3n\",\"datePublished\":\"2014-02-26T14:29:03+00:00\",\"dateModified\":\"2021-09-17T10:45:24+00:00\",\"mainEntityOfPage\":{\"@id\":\"https:\/\/thaderradiofm.es\/?p=109\"},\"wordCount\":139,\"commentCount\":0,\"publisher\":{\"@id\":\"http:\/\/thaderradiofm.es\/#organization\"},\"image\":{\"@id\":\"https:\/\/thaderradiofm.es\/?p=109#primaryimage\"},\"thumbnailUrl\":\"https:\/\/thaderradiofm.es\/wp-content\/uploads\/2021\/09\/se40-inauguracion-tramo-dos-hermanas-2.jpg\",\"articleSection\":[\"Actualidad\"],\"inLanguage\":\"es\",\"potentialAction\":[{\"@type\":\"CommentAction\",\"name\":\"Comment\",\"target\":[\"https:\/\/thaderradiofm.es\/?p=109#respond\"]}]},{\"@type\":\"WebPage\",\"@id\":\"https:\/\/thaderradiofm.es\/?p=109\",\"url\":\"https:\/\/thaderradiofm.es\/?p=109\",\"name\":\"Nueva tramo Este de la autov\u00eda del Reguer\u00f3n - Thader Radio FM\",\"isPartOf\":{\"@id\":\"http:\/\/thaderradiofm.es\/#website\"},\"primaryImageOfPage\":{\"@id\":\"https:\/\/thaderradiofm.es\/?p=109#primaryimage\"},\"image\":{\"@id\":\"https:\/\/thaderradiofm.es\/?p=109#primaryimage\"},\"thumbnailUrl\":\"https:\/\/thaderradiofm.es\/wp-content\/uploads\/2021\/09\/se40-inauguracion-tramo-dos-hermanas-2.jpg\",\"datePublished\":\"2014-02-26T14:29:03+00:00\",\"dateModified\":\"2021-09-17T10:45:24+00:00\",\"breadcrumb\":{\"@id\":\"https:\/\/thaderradiofm.es\/?p=109#breadcrumb\"},\"inLanguage\":\"es\",\"potentialAction\":[{\"@type\":\"ReadAction\",\"target\":[\"https:\/\/thaderradiofm.es\/?p=109\"]}]},{\"@type\":\"ImageObject\",\"inLanguage\":\"es\",\"@id\":\"https:\/\/thaderradiofm.es\/?p=109#primaryimage\",\"url\":\"https:\/\/thaderradiofm.es\/wp-content\/uploads\/2021\/09\/se40-inauguracion-tramo-dos-hermanas-2.jpg\",\"contentUrl\":\"https:\/\/thaderradiofm.es\/wp-content\/uploads\/2021\/09\/se40-inauguracion-tramo-dos-hermanas-2.jpg\",\"width\":750,\"height\":478},{\"@type\":\"BreadcrumbList\",\"@id\":\"https:\/\/thaderradiofm.es\/?p=109#breadcrumb\",\"itemListElement\":[{\"@type\":\"ListItem\",\"position\":1,\"name\":\"Portada\",\"item\":\"http:\/\/thaderradiofm.es\/\"},{\"@type\":\"ListItem\",\"position\":2,\"name\":\"Nueva tramo Este de la autov\u00eda del Reguer\u00f3n\"}]},{\"@type\":\"WebSite\",\"@id\":\"http:\/\/thaderradiofm.es\/#website\",\"url\":\"http:\/\/thaderradiofm.es\/\",\"name\":\"Thader Radio FM\",\"description\":\"La Radio en Espa\u00f1ol\",\"publisher\":{\"@id\":\"http:\/\/thaderradiofm.es\/#organization\"},\"potentialAction\":[{\"@type\":\"SearchAction\",\"target\":{\"@type\":\"EntryPoint\",\"urlTemplate\":\"http:\/\/thaderradiofm.es\/?s={search_term_string}\"},\"query-input\":{\"@type\":\"PropertyValueSpecification\",\"valueRequired\":true,\"valueName\":\"search_term_string\"}}],\"inLanguage\":\"es\"},{\"@type\":\"Organization\",\"@id\":\"http:\/\/thaderradiofm.es\/#organization\",\"name\":\"Thader Radio FM\",\"url\":\"http:\/\/thaderradiofm.es\/\",\"logo\":{\"@type\":\"ImageObject\",\"inLanguage\":\"es\",\"@id\":\"http:\/\/thaderradiofm.es\/#\/schema\/logo\/image\/\",\"url\":\"https:\/\/thaderradiofm.es\/wp-content\/uploads\/2023\/02\/cropped-THADER-RADIO.jpg\",\"contentUrl\":\"https:\/\/thaderradiofm.es\/wp-content\/uploads\/2023\/02\/cropped-THADER-RADIO.jpg\",\"width\":514,\"height\":385,\"caption\":\"Thader Radio FM\"},\"image\":{\"@id\":\"http:\/\/thaderradiofm.es\/#\/schema\/logo\/image\/\"}},{\"@type\":\"Person\",\"@id\":\"http:\/\/thaderradiofm.es\/#\/schema\/person\/c5f6f440ee7e91858a82e56a7795370f\",\"name\":\"admin\",\"image\":{\"@type\":\"ImageObject\",\"inLanguage\":\"es\",\"@id\":\"http:\/\/thaderradiofm.es\/#\/schema\/person\/image\/\",\"url\":\"https:\/\/secure.gravatar.com\/avatar\/efc74c7514f8ff7a0537a92b6da6e8e217be29ae0f00aee634f803567b2e8eff?s=96&d=mm&r=g\",\"contentUrl\":\"https:\/\/secure.gravatar.com\/avatar\/efc74c7514f8ff7a0537a92b6da6e8e217be29ae0f00aee634f803567b2e8eff?s=96&d=mm&r=g\",\"caption\":\"admin\"},\"url\":\"https:\/\/thaderradiofm.es\/?author=1\"}]}<\/script>\n<!-- \/ Yoast SEO plugin. -->","yoast_head_json":{"title":"Nueva tramo Este de la autov\u00eda del Reguer\u00f3n - Thader Radio FM","robots":{"index":"index","follow":"follow","max-snippet":"max-snippet:-1","max-image-preview":"max-image-preview:large","max-video-preview":"max-video-preview:-1"},"canonical":"https:\/\/thaderradiofm.es\/?p=109","og_locale":"es_ES","og_type":"article","og_title":"Nueva tramo Este de la autov\u00eda del Reguer\u00f3n - Thader Radio FM","og_description":"El nuevo tramo Este de la autov\u00eda del Reguer\u00f3n abierto al tr\u00e1fico conecta la ciudad de Murcia con la carretera del Mar Menor por Sucina y permite disponer de una &hellip; Leer m\u00e1s","og_url":"https:\/\/thaderradiofm.es\/?p=109","og_site_name":"Thader Radio FM","article_published_time":"2014-02-26T14:29:03+00:00","article_modified_time":"2021-09-17T10:45:24+00:00","og_image":[{"width":750,"height":478,"url":"https:\/\/thaderradiofm.es\/wp-content\/uploads\/2021\/09\/se40-inauguracion-tramo-dos-hermanas-2.jpg","type":"image\/jpeg"}],"author":"admin","twitter_card":"summary_large_image","twitter_misc":{"Escrito por":"admin","Tiempo de lectura":"1 minuto"},"schema":{"@context":"https:\/\/schema.org","@graph":[{"@type":"Article","@id":"https:\/\/thaderradiofm.es\/?p=109#article","isPartOf":{"@id":"https:\/\/thaderradiofm.es\/?p=109"},"author":{"name":"admin","@id":"http:\/\/thaderradiofm.es\/#\/schema\/person\/c5f6f440ee7e91858a82e56a7795370f"},"headline":"Nueva tramo Este de la autov\u00eda del Reguer\u00f3n","datePublished":"2014-02-26T14:29:03+00:00","dateModified":"2021-09-17T10:45:24+00:00","mainEntityOfPage":{"@id":"https:\/\/thaderradiofm.es\/?p=109"},"wordCount":139,"commentCount":0,"publisher":{"@id":"http:\/\/thaderradiofm.es\/#organization"},"image":{"@id":"https:\/\/thaderradiofm.es\/?p=109#primaryimage"},"thumbnailUrl":"https:\/\/thaderradiofm.es\/wp-content\/uploads\/2021\/09\/se40-inauguracion-tramo-dos-hermanas-2.jpg","articleSection":["Actualidad"],"inLanguage":"es","potentialAction":[{"@type":"CommentAction","name":"Comment","target":["https:\/\/thaderradiofm.es\/?p=109#respond"]}]},{"@type":"WebPage","@id":"https:\/\/thaderradiofm.es\/?p=109","url":"https:\/\/thaderradiofm.es\/?p=109","name":"Nueva tramo Este de la autov\u00eda del Reguer\u00f3n - Thader Radio FM","isPartOf":{"@id":"http:\/\/thaderradiofm.es\/#website"},"primaryImageOfPage":{"@id":"https:\/\/thaderradiofm.es\/?p=109#primaryimage"},"image":{"@id":"https:\/\/thaderradiofm.es\/?p=109#primaryimage"},"thumbnailUrl":"https:\/\/thaderradiofm.es\/wp-content\/uploads\/2021\/09\/se40-inauguracion-tramo-dos-hermanas-2.jpg","datePublished":"2014-02-26T14:29:03+00:00","dateModified":"2021-09-17T10:45:24+00:00","breadcrumb":{"@id":"https:\/\/thaderradiofm.es\/?p=109#breadcrumb"},"inLanguage":"es","potentialAction":[{"@type":"ReadAction","target":["https:\/\/thaderradiofm.es\/?p=109"]}]},{"@type":"ImageObject","inLanguage":"es","@id":"https:\/\/thaderradiofm.es\/?p=109#primaryimage","url":"https:\/\/thaderradiofm.es\/wp-content\/uploads\/2021\/09\/se40-inauguracion-tramo-dos-hermanas-2.jpg","contentUrl":"https:\/\/thaderradiofm.es\/wp-content\/uploads\/2021\/09\/se40-inauguracion-tramo-dos-hermanas-2.jpg","width":750,"height":478},{"@type":"BreadcrumbList","@id":"https:\/\/thaderradiofm.es\/?p=109#breadcrumb","itemListElement":[{"@type":"ListItem","position":1,"name":"Portada","item":"http:\/\/thaderradiofm.es\/"},{"@type":"ListItem","position":2,"name":"Nueva tramo Este de la autov\u00eda del Reguer\u00f3n"}]},{"@type":"WebSite","@id":"http:\/\/thaderradiofm.es\/#website","url":"http:\/\/thaderradiofm.es\/","name":"Thader Radio FM","description":"La Radio en Espa\u00f1ol","publisher":{"@id":"http:\/\/thaderradiofm.es\/#organization"},"potentialAction":[{"@type":"SearchAction","target":{"@type":"EntryPoint","urlTemplate":"http:\/\/thaderradiofm.es\/?s={search_term_string}"},"query-input":{"@type":"PropertyValueSpecification","valueRequired":true,"valueName":"search_term_string"}}],"inLanguage":"es"},{"@type":"Organization","@id":"http:\/\/thaderradiofm.es\/#organization","name":"Thader Radio FM","url":"http:\/\/thaderradiofm.es\/","logo":{"@type":"ImageObject","inLanguage":"es","@id":"http:\/\/thaderradiofm.es\/#\/schema\/logo\/image\/","url":"https:\/\/thaderradiofm.es\/wp-content\/uploads\/2023\/02\/cropped-THADER-RADIO.jpg","contentUrl":"https:\/\/thaderradiofm.es\/wp-content\/uploads\/2023\/02\/cropped-THADER-RADIO.jpg","width":514,"height":385,"caption":"Thader Radio FM"},"image":{"@id":"http:\/\/thaderradiofm.es\/#\/schema\/logo\/image\/"}},{"@type":"Person","@id":"http:\/\/thaderradiofm.es\/#\/schema\/person\/c5f6f440ee7e91858a82e56a7795370f","name":"admin","image":{"@type":"ImageObject","inLanguage":"es","@id":"http:\/\/thaderradiofm.es\/#\/schema\/person\/image\/","url":"https:\/\/secure.gravatar.com\/avatar\/efc74c7514f8ff7a0537a92b6da6e8e217be29ae0f00aee634f803567b2e8eff?s=96&d=mm&r=g","contentUrl":"https:\/\/secure.gravatar.com\/avatar\/efc74c7514f8ff7a0537a92b6da6e8e217be29ae0f00aee634f803567b2e8eff?s=96&d=mm&r=g","caption":"admin"},"url":"https:\/\/thaderradiofm.es\/?author=1"}]}},"_links":{"self":[{"href":"https:\/\/thaderradiofm.es\/index.php?rest_route=\/wp\/v2\/posts\/109","targetHints":{"allow":["GET"]}}],"collection":[{"href":"https:\/\/thaderradiofm.es\/index.php?rest_route=\/wp\/v2\/posts"}],"about":[{"href":"https:\/\/thaderradiofm.es\/index.php?rest_route=\/wp\/v2\/types\/post"}],"author":[{"embeddable":true,"href":"https:\/\/thaderradiofm.es\/index.php?rest_route=\/wp\/v2\/users\/1"}],"replies":[{"embeddable":true,"href":"https:\/\/thaderradiofm.es\/index.php?rest_route=%2Fwp%2Fv2%2Fcomments&post=109"}],"version-history":[{"count":6,"href":"https:\/\/thaderradiofm.es\/index.php?rest_route=\/wp\/v2\/posts\/109\/revisions"}],"predecessor-version":[{"id":640,"href":"https:\/\/thaderradiofm.es\/index.php?rest_route=\/wp\/v2\/posts\/109\/revisions\/640"}],"wp:featuredmedia":[{"embeddable":true,"href":"https:\/\/thaderradiofm.es\/index.php?rest_route=\/wp\/v2\/media\/639"}],"wp:attachment":[{"href":"https:\/\/thaderradiofm.es\/index.php?rest_route=%2Fwp%2Fv2%2Fmedia&parent=109"}],"wp:term":[{"taxonomy":"category","embeddable":true,"href":"https:\/\/thaderradiofm.es\/index.php?rest_route=%2Fwp%2Fv2%2Fcategories&post=109"},{"taxonomy":"post_tag","embeddable":true,"href":"https:\/\/thaderradiofm.es\/index.php?rest_route=%2Fwp%2Fv2%2Ftags&post=109"}],"curies":[{"name":"wp","href":"https:\/\/api.w.org\/{rel}","templated":true}]}}